{"id":14419,"date":"2025-04-22T10:49:12","date_gmt":"2025-04-22T13:49:12","guid":{"rendered":"https:\/\/www.noticiasmas.com.ar\/?p=14419"},"modified":"2025-04-22T10:49:40","modified_gmt":"2025-04-22T13:49:40","slug":"amsafe-insiste-contra-el-bono-por-presentismo-y-expresaron-su-malestar-con-la-provincia-por-las-condiciones-paritarias","status":"publish","type":"post","link":"https:\/\/www.noticiasmas.com.ar\/index.php\/2025\/04\/22\/amsafe-insiste-contra-el-bono-por-presentismo-y-expresaron-su-malestar-con-la-provincia-por-las-condiciones-paritarias\/","title":{"rendered":"Amsafe insiste contra el bono por presentismo y expresaron su malestar con la provincia por las condiciones paritarias"},"content":{"rendered":"\n<p>Desde la conducci\u00f3n del gremio AMSAFE manifestaron su malestar con la paritaria y las condiciones que presenta actualmente la negociaci\u00f3n con la provincia de Santa Fe en cuanto a los aumentos que los docentes reciben y las cl\u00e1usulas y bonificaciones existentes.<\/p>\n\n\n\n<p>Como desde un primer momento, en AMSAFE critican la aplicaci\u00f3n del presentismo, medida que otorga un bono para los docentes que no faltan a sus trabajos por el motivo que fuese, y que gener\u00f3 m\u00e1s rechazo que aceptaci\u00f3n entre los trabajadores de la educaci\u00f3n pero una aceptaci\u00f3n en cuanto a lo pr\u00e1ctico, ya que esto disminuy\u00f3 en parte las faltas y los pedidos de licencia.&nbsp;<\/p>\n\n\n\n<p>Rodrigo Alonso, titular de AMSAFE, se\u00f1al\u00f3 que el presentismo \u201cest\u00e1 haciendo much\u00edsimo da\u00f1o\u201d, en di\u00e1logo con LT8, \u201cno solamente a los docentes que vamos a trabajar enfermos, sino tambi\u00e9n en los procesos de ense\u00f1anza y aprendizaje\u201d, recalc\u00f3.<\/p>\n\n\n\n<p>Este viernes, las partes fueron convocadas a una reuni\u00f3n con el Ministerio de Trabajo para definir la paritaria de los meses venideros.&nbsp;<\/p>\n\n\n\n<p>\u201cEstamos planteando que empatarle a la inflaci\u00f3n en el 2025 ya no nos alcanza\u201d, dijo Alonso. \u201cYa venimos perdiendo sistem\u00e1ticamente, entonces, el gobierno tiene que dar vuelta la p\u00e1gina. Basta de ajuste y empezar con una propuesta salarial que empiece a recuperar lo que nosotros hemos perdido durante el a\u00f1o 2024\u201d, agreg\u00f3.<\/p>\n\n\n\n<p>Para graficar esta cuesti\u00f3n, Alonso se\u00f1al\u00f3 que el aumento paritario del 3,1% cobrado por el sueldo del mes de enero fue depositado en abril. \u201cO sea, algo totalmente devaluado\u201d, calific\u00f3.\u00a0<\/p>\n\n\n\n<p>\u201cEl gobierno tiene que dar se\u00f1ales, tiene los elementos por lo menos para que en la paritaria los aumentos se cobren de manera simult\u00e1nea, para que se suspenda el aporte solidario\u201d, agreg\u00f3.<\/p>\n","protected":false},"excerpt":{"rendered":"<p>Desde la conducci\u00f3n del gremio AMSAFE manifestaron su malestar con la paritaria y las condiciones que presenta actualmente la negociaci\u00f3n con la provincia de Santa Fe en cuanto a los aumentos que los docentes reciben y las cl\u00e1usulas y bonificaciones existentes. Como desde un primer momento, en AMSAFE critican la aplicaci\u00f3n del presentismo, medida que [&hellip;]<\/p>\n","protected":false},"author":9,"featured_media":14420,"comment_status":"closed","ping_status":"open","sticky":false,"template":"","format":"standard","meta":{"tdm_status":"","tdm_grid_status":"","footnotes":""},"categories":[14],"tags":[800,798,2108,18],"class_list":{"0":"post-14419","1":"post","2":"type-post","3":"status-publish","4":"format-standard","5":"has-post-thumbnail","7":"category-provinciales","8":"tag-amsafe","9":"tag-docentes","10":"tag-presentismo","11":"tag-santa-fe"},"_links":{"self":[{"href":"https:\/\/www.noticiasmas.com.ar\/index.php\/wp-json\/wp\/v2\/posts\/14419","targetHints":{"allow":["GET"]}}],"collection":[{"href":"https:\/\/www.noticiasmas.com.ar\/index.php\/wp-json\/wp\/v2\/posts"}],"about":[{"href":"https:\/\/www.noticiasmas.com.ar\/index.php\/wp-json\/wp\/v2\/types\/post"}],"author":[{"embeddable":true,"href":"https:\/\/www.noticiasmas.com.ar\/index.php\/wp-json\/wp\/v2\/users\/9"}],"replies":[{"embeddable":true,"href":"https:\/\/www.noticiasmas.com.ar\/index.php\/wp-json\/wp\/v2\/comments?post=14419"}],"version-history":[{"count":2,"href":"https:\/\/www.noticiasmas.com.ar\/index.php\/wp-json\/wp\/v2\/posts\/14419\/revisions"}],"predecessor-version":[{"id":14422,"href":"https:\/\/www.noticiasmas.com.ar\/index.php\/wp-json\/wp\/v2\/posts\/14419\/revisions\/14422"}],"wp:featuredmedia":[{"embeddable":true,"href":"https:\/\/www.noticiasmas.com.ar\/index.php\/wp-json\/wp\/v2\/media\/14420"}],"wp:attachment":[{"href":"https:\/\/www.noticiasmas.com.ar\/index.php\/wp-json\/wp\/v2\/media?parent=14419"}],"wp:term":[{"taxonomy":"category","embeddable":true,"href":"https:\/\/www.noticiasmas.com.ar\/index.php\/wp-json\/wp\/v2\/categories?post=14419"},{"taxonomy":"post_tag","embeddable":true,"href":"https:\/\/www.noticiasmas.com.ar\/index.php\/wp-json\/wp\/v2\/tags?post=14419"}],"curies":[{"name":"wp","href":"https:\/\/api.w.org\/{rel}","templated":true}]}}