{"id":14450,"date":"2025-04-24T08:56:39","date_gmt":"2025-04-24T11:56:39","guid":{"rendered":"https:\/\/www.noticiasmas.com.ar\/?p=14450"},"modified":"2025-04-24T08:56:43","modified_gmt":"2025-04-24T11:56:43","slug":"la-actc-sanciono-a-lionel-pernia-por-insultar-a-los-dirigentes-y-pasara-dos-anos-sin-correr","status":"publish","type":"post","link":"https:\/\/www.noticiasmas.com.ar\/index.php\/2025\/04\/24\/la-actc-sanciono-a-lionel-pernia-por-insultar-a-los-dirigentes-y-pasara-dos-anos-sin-correr\/","title":{"rendered":"La ACTC sancion\u00f3 a Lionel Pern\u00eda por insultar a los dirigentes y pasar\u00e1 dos a\u00f1os sin correr"},"content":{"rendered":"\n<p>El piloto Lionel Pern\u00eda, uno de los grandes animadores del Turismo Nacional y dos veces campe\u00f3n de la misma, recibi\u00f3 una dur\u00edsima sanci\u00f3n que lo imposibilitar\u00e1 de correr hasta abril de 2027.\u00a0<\/p>\n\n\n\n<p>La Asociaci\u00f3n de Corredores de Turismo Carretera (ACTC) entidad fiscalizadora del TN y el TC, entre otras, dispuso de una sanci\u00f3n de 2 a\u00f1os y 30 millones de pesos para Pernia, por lo que se quedar\u00e1 afuera de las pr\u00f3ximas dos temporadas de la categor\u00eda que lo tiene como protagonista.&nbsp;<\/p>\n\n\n\n<p>El motivo fue un insulto que el piloto realiz\u00f3 a la Comisi\u00f3n Asesora y Fiscalizadora (CAF) en la \u00faltima fecha de la Clase 3 del Turismo Nacional, donde peleaba el campeonato y por una mala maniobra en la serie con Andres Jakos, Pern\u00eda no pudo disputar la final en una posici\u00f3n ventajosa que lo priv\u00f3 de su tercer t\u00edtulo.<\/p>\n\n\n\n<p>Cabe destacar que el piloto pidi\u00f3 disculpas p\u00fablicas y personales a los damnificados por esta expresi\u00f3n, una vulgaridad que no debi\u00f3 haberse dicho pero que intent\u00f3 subsanar durante este per\u00edodo donde qued\u00f3 sancionado de manera provisoria, a partir de ayer ya de forma firme.&nbsp;<\/p>\n\n\n\n<p>En Instagram, el tandilense rompi\u00f3 el silencio: \u201cSe le puede tirar tiros a un auto de carreras con un piloto adentro y apretar de ca\u00f1o a una persona en un aut\u00f3dromo, pero no pod\u00e9s equivocarte en una entrevista y pedir perd\u00f3n p\u00fablicamente y en privado. Se nota que miden con distinta vara a quienes le conviene\u201d, sostuvo.&nbsp;<\/p>\n\n\n\n<p>El piloto de 49 a\u00f1os de edad, de este modo, disputar\u00e1 junto al Honda Racing el comienzo el campeonato de TC 2000, el cual comienza en Ober\u00e1 este fin de semana, y seguir\u00e1 en el TCR South Am\u00e9rica, torneo donde tras dos fechas se encuentra puntero.<\/p>\n","protected":false},"excerpt":{"rendered":"<p>El piloto Lionel Pern\u00eda, uno de los grandes animadores del Turismo Nacional y dos veces campe\u00f3n de la misma, recibi\u00f3 una dur\u00edsima sanci\u00f3n que lo imposibilitar\u00e1 de correr hasta abril de 2027.\u00a0 La Asociaci\u00f3n de Corredores de Turismo Carretera (ACTC) entidad fiscalizadora del TN y el TC, entre otras, dispuso de una sanci\u00f3n de 2 [&hellip;]<\/p>\n","protected":false},"author":9,"featured_media":14451,"comment_status":"closed","ping_status":"open","sticky":false,"template":"","format":"standard","meta":{"tdm_status":"","tdm_grid_status":"","footnotes":""},"categories":[10],"tags":[2290,305,4349,218],"class_list":{"0":"post-14450","1":"post","2":"type-post","3":"status-publish","4":"format-standard","5":"has-post-thumbnail","7":"category-deportes","8":"tag-actc","9":"tag-automovilismo","10":"tag-lionel-pernia","11":"tag-nacionales"},"_links":{"self":[{"href":"https:\/\/www.noticiasmas.com.ar\/index.php\/wp-json\/wp\/v2\/posts\/14450","targetHints":{"allow":["GET"]}}],"collection":[{"href":"https:\/\/www.noticiasmas.com.ar\/index.php\/wp-json\/wp\/v2\/posts"}],"about":[{"href":"https:\/\/www.noticiasmas.com.ar\/index.php\/wp-json\/wp\/v2\/types\/post"}],"author":[{"embeddable":true,"href":"https:\/\/www.noticiasmas.com.ar\/index.php\/wp-json\/wp\/v2\/users\/9"}],"replies":[{"embeddable":true,"href":"https:\/\/www.noticiasmas.com.ar\/index.php\/wp-json\/wp\/v2\/comments?post=14450"}],"version-history":[{"count":1,"href":"https:\/\/www.noticiasmas.com.ar\/index.php\/wp-json\/wp\/v2\/posts\/14450\/revisions"}],"predecessor-version":[{"id":14452,"href":"https:\/\/www.noticiasmas.com.ar\/index.php\/wp-json\/wp\/v2\/posts\/14450\/revisions\/14452"}],"wp:featuredmedia":[{"embeddable":true,"href":"https:\/\/www.noticiasmas.com.ar\/index.php\/wp-json\/wp\/v2\/media\/14451"}],"wp:attachment":[{"href":"https:\/\/www.noticiasmas.com.ar\/index.php\/wp-json\/wp\/v2\/media?parent=14450"}],"wp:term":[{"taxonomy":"category","embeddable":true,"href":"https:\/\/www.noticiasmas.com.ar\/index.php\/wp-json\/wp\/v2\/categories?post=14450"},{"taxonomy":"post_tag","embeddable":true,"href":"https:\/\/www.noticiasmas.com.ar\/index.php\/wp-json\/wp\/v2\/tags?post=14450"}],"curies":[{"name":"wp","href":"https:\/\/api.w.org\/{rel}","templated":true}]}}