{"id":14453,"date":"2025-04-24T09:01:43","date_gmt":"2025-04-24T12:01:43","guid":{"rendered":"https:\/\/www.noticiasmas.com.ar\/?p=14453"},"modified":"2025-04-24T09:01:46","modified_gmt":"2025-04-24T12:01:46","slug":"docentes-apuntan-contra-las-practicas-intimidatorias-de-pularo-y-lo-denunciaron-ante-la-oit","status":"publish","type":"post","link":"https:\/\/www.noticiasmas.com.ar\/index.php\/2025\/04\/24\/docentes-apuntan-contra-las-practicas-intimidatorias-de-pularo-y-lo-denunciaron-ante-la-oit\/","title":{"rendered":"Docentes apuntan contra las pr\u00e1cticas \u201cintimidatorias\u201d de Pularo y lo denunciaron ante la OIT"},"content":{"rendered":"\n<p>La seccional santafesina de la Uni\u00f3n Docentes Argentinos (UDA) realiz\u00f3 formalmente una denunci\u00f3 al gobierno provincial ante la Organizaci\u00f3n Internacional del Trabajo (OIT).<\/p>\n\n\n\n<p>La denuncia es por \u201cgraves pr\u00e1cticas antisindicales\u201d y actitudes \u201cintimidatorias\u201d hacia los trabajadores antes de cada huelga dispuesta por la parte gremial.<\/p>\n\n\n\n<p>\u201cLa denuncia es una reacci\u00f3n sindical en defensa de los docentes\u201d que \u201cpadecen medidas intimidatorias, carente de todo sustento legal, con circulares previas a medidas de fuerzas\u201d, expres\u00f3 en un comunicado el abogado de la UDA santafecina, V\u00edctor Bracamonte.<\/p>\n\n\n\n<p>\u201cEsta pr\u00e1ctica constituye una flagrante violaci\u00f3n del derecho constitucional de huelga (art\u00edculo 14 bis de la Constituci\u00f3n Nacional y Ley 23.551 de Asociaciones Sindicales), as\u00ed como de los principios fundamentales de la libertad sindical\u201d, agreg\u00f3.<\/p>\n\n\n\n<p>La presentaci\u00f3n formal ante el Comit\u00e9 de Libertad Sindical de la OIT apunta contra el Gobierno de Santa Fe que encabeza Maximiliano Pullaro, y se realiz\u00f3 \u201cpor una serie de pr\u00e1cticas antisindicales que vulneran gravemente los derechos fundamentales de los trabajadores de la educaci\u00f3n\u201d.<\/p>\n\n\n\n<p>La UDA argument\u00f3 en su presentaci\u00f3n que antes de las medidas de fuerza \u201cel Gobierno santafesino exige, de manera compulsiva a los docentes, completar declaraciones juradas de prestaci\u00f3n de servicios ante la inminencia de huelgas resueltas org\u00e1nicamente\u201d.<\/p>\n\n\n\n<p>Bracamonte explic\u00f3 que \u201cel salario tiene car\u00e1cter alimentario y en Santa Fe la mayor\u00eda de los docentes se encuentra debajo de la l\u00ednea de la pobreza\u201d y \u201cel Gobierno dise\u00f1a una seria de medidas para afectar gravemente la libertad sindical y el derecho a huelga\u201d.\u00a0<\/p>\n\n\n\n<p>Adem\u00e1s, dijo que \u201cdenunciamos la vulneraci\u00f3n del derecho a la autodeterminaci\u00f3n informativa (Ley 25.326 de Protecci\u00f3n de Datos Personales)\u201d ya que \u201cla declaraci\u00f3n jurada buscaba registrar la adhesi\u00f3n de los trabajadores a medidas gremiales con fines claramente persecutorios\u201d.<\/p>\n\n\n\n<p>&nbsp;\u201cLa Uni\u00f3n Docentes Argentinos conf\u00eda en que el Comit\u00e9 de Libertad Sindical de la OIT tomar\u00e1 debida nota de esta grave situaci\u00f3n y exigir\u00e1 al Gobierno de la Provincia de Santa Fe el cese inmediato de estas pr\u00e1cticas antisindicales\u201d\u201d, manifest\u00f3 el abogado sindical.<\/p>\n\n\n\n<p><\/p>\n","protected":false},"excerpt":{"rendered":"<p>La seccional santafesina de la Uni\u00f3n Docentes Argentinos (UDA) realiz\u00f3 formalmente una denunci\u00f3 al gobierno provincial ante la Organizaci\u00f3n Internacional del Trabajo (OIT). La denuncia es por \u201cgraves pr\u00e1cticas antisindicales\u201d y actitudes \u201cintimidatorias\u201d hacia los trabajadores antes de cada huelga dispuesta por la parte gremial. \u201cLa denuncia es una reacci\u00f3n sindical en defensa de los [&hellip;]<\/p>\n","protected":false},"author":9,"featured_media":14454,"comment_status":"closed","ping_status":"open","sticky":false,"template":"","format":"standard","meta":{"tdm_status":"","tdm_grid_status":"","footnotes":""},"categories":[14],"tags":[538,798,4350,36,802],"class_list":{"0":"post-14453","1":"post","2":"type-post","3":"status-publish","4":"format-standard","5":"has-post-thumbnail","7":"category-provinciales","8":"tag-denuncia","9":"tag-docentes","10":"tag-oit","11":"tag-pullaro","12":"tag-uda"},"_links":{"self":[{"href":"https:\/\/www.noticiasmas.com.ar\/index.php\/wp-json\/wp\/v2\/posts\/14453","targetHints":{"allow":["GET"]}}],"collection":[{"href":"https:\/\/www.noticiasmas.com.ar\/index.php\/wp-json\/wp\/v2\/posts"}],"about":[{"href":"https:\/\/www.noticiasmas.com.ar\/index.php\/wp-json\/wp\/v2\/types\/post"}],"author":[{"embeddable":true,"href":"https:\/\/www.noticiasmas.com.ar\/index.php\/wp-json\/wp\/v2\/users\/9"}],"replies":[{"embeddable":true,"href":"https:\/\/www.noticiasmas.com.ar\/index.php\/wp-json\/wp\/v2\/comments?post=14453"}],"version-history":[{"count":1,"href":"https:\/\/www.noticiasmas.com.ar\/index.php\/wp-json\/wp\/v2\/posts\/14453\/revisions"}],"predecessor-version":[{"id":14455,"href":"https:\/\/www.noticiasmas.com.ar\/index.php\/wp-json\/wp\/v2\/posts\/14453\/revisions\/14455"}],"wp:featuredmedia":[{"embeddable":true,"href":"https:\/\/www.noticiasmas.com.ar\/index.php\/wp-json\/wp\/v2\/media\/14454"}],"wp:attachment":[{"href":"https:\/\/www.noticiasmas.com.ar\/index.php\/wp-json\/wp\/v2\/media?parent=14453"}],"wp:term":[{"taxonomy":"category","embeddable":true,"href":"https:\/\/www.noticiasmas.com.ar\/index.php\/wp-json\/wp\/v2\/categories?post=14453"},{"taxonomy":"post_tag","embeddable":true,"href":"https:\/\/www.noticiasmas.com.ar\/index.php\/wp-json\/wp\/v2\/tags?post=14453"}],"curies":[{"name":"wp","href":"https:\/\/api.w.org\/{rel}","templated":true}]}}