{"id":14511,"date":"2025-04-28T07:48:06","date_gmt":"2025-04-28T10:48:06","guid":{"rendered":"https:\/\/www.noticiasmas.com.ar\/?p=14511"},"modified":"2025-04-28T07:53:40","modified_gmt":"2025-04-28T10:53:40","slug":"el-gobierno-confirmo-que-el-2-de-mayo-sera-un-dia-no-laborable","status":"publish","type":"post","link":"https:\/\/www.noticiasmas.com.ar\/index.php\/2025\/04\/28\/el-gobierno-confirmo-que-el-2-de-mayo-sera-un-dia-no-laborable\/","title":{"rendered":"El Gobierno confirm\u00f3 que el 2 de mayo ser\u00e1 un d\u00eda no laborable"},"content":{"rendered":"\n<p><\/p>\n\n\n\n<p>Despu\u00e9s de varias semanas de versiones cruzadas, el Gobierno nacional confirm\u00f3 que el pr\u00f3ximo viernes 2 de mayo ser\u00e1 un d\u00eda no laborable con fines tur\u00edsticos, pero no un feriado nacional.<\/p>\n\n\n\n<p>La precisi\u00f3n era esperada, ya que el jueves 1 de mayo se celebra el D\u00eda del Trabajador, un feriado inamovible en Argentina, y muchas personas aguardaban definiciones para planificar el fin de semana.<\/p>\n\n\n\n<p>La confusi\u00f3n reside en esta nueva figura de d\u00edas &#8220;no laborables con fines tur\u00edsticos&#8221; implementada por el gobierno nacional que reemplaza lo que anteriormente era conocido como &#8220;feriado puente&#8221;.<\/p>\n\n\n\n<p><strong>\u00bfQu\u00e9 implica que sea &#8220;d\u00eda no laborable&#8221;?<\/strong> Que cada <strong>empleador <\/strong>del sector privado podr\u00e1 decidir si da o no el d\u00eda libre a sus trabajadores, y de trabajarlo, no existe la necesidad de abonarlo como feriado. En la administraci\u00f3n p\u00fablica nacional, por otro lado, se confirm\u00f3 que no habr\u00e1 actividad, salvo en servicios esenciales. Las escuelas no dictar\u00e1n clases, los bancos estar\u00e1n cerrados, y el transporte p\u00fablico trabajar\u00e1 en horario de feriados. El resto de los comercios y otros servicios privados podr\u00e1n optar por abrir o permanecer cerrados.<\/p>\n\n\n\n<p><strong>Feriados y fines de semana largos que quedan en 2025:<\/strong><\/p>\n\n\n\n<ul class=\"wp-block-list\">\n<li><strong>1 al 4 de mayo<\/strong>: D\u00eda del Trabajador + d\u00eda no laborable.<\/li>\n\n\n\n<li><strong>20 al 22 de junio<\/strong>: Paso a la Inmortalidad de Manuel Belgrano.<\/li>\n\n\n\n<li><strong>15 al 18 de agosto<\/strong>: Paso a la Inmortalidad de Jos\u00e9 de San Mart\u00edn + d\u00eda no laborable.<\/li>\n\n\n\n<li><strong>20 al 23 de noviembre<\/strong>: D\u00eda de la Soberan\u00eda Nacional + d\u00eda no laborable.<\/li>\n\n\n\n<li><strong>6 al 8 de diciembre<\/strong>: Inmaculada Concepci\u00f3n de Mar\u00eda.<\/li>\n<\/ul>\n","protected":false},"excerpt":{"rendered":"<p>Despu\u00e9s de varias semanas de versiones cruzadas, el Gobierno nacional confirm\u00f3 que el pr\u00f3ximo viernes 2 de mayo ser\u00e1 un d\u00eda no laborable con fines tur\u00edsticos, pero no un feriado nacional. La precisi\u00f3n era esperada, ya que el jueves 1 de mayo se celebra el D\u00eda del Trabajador, un feriado inamovible en Argentina, y muchas [&hellip;]<\/p>\n","protected":false},"author":9,"featured_media":14512,"comment_status":"closed","ping_status":"open","sticky":false,"template":"","format":"standard","meta":{"tdm_status":"","tdm_grid_status":"","footnotes":""},"categories":[1],"tags":[795,218,4373,441],"class_list":{"0":"post-14511","1":"post","2":"type-post","3":"status-publish","4":"format-standard","5":"has-post-thumbnail","7":"category-nacionales","8":"tag-feriados","9":"tag-nacionales","10":"tag-primero-de-mayo","11":"tag-turismo"},"_links":{"self":[{"href":"https:\/\/www.noticiasmas.com.ar\/index.php\/wp-json\/wp\/v2\/posts\/14511","targetHints":{"allow":["GET"]}}],"collection":[{"href":"https:\/\/www.noticiasmas.com.ar\/index.php\/wp-json\/wp\/v2\/posts"}],"about":[{"href":"https:\/\/www.noticiasmas.com.ar\/index.php\/wp-json\/wp\/v2\/types\/post"}],"author":[{"embeddable":true,"href":"https:\/\/www.noticiasmas.com.ar\/index.php\/wp-json\/wp\/v2\/users\/9"}],"replies":[{"embeddable":true,"href":"https:\/\/www.noticiasmas.com.ar\/index.php\/wp-json\/wp\/v2\/comments?post=14511"}],"version-history":[{"count":2,"href":"https:\/\/www.noticiasmas.com.ar\/index.php\/wp-json\/wp\/v2\/posts\/14511\/revisions"}],"predecessor-version":[{"id":14514,"href":"https:\/\/www.noticiasmas.com.ar\/index.php\/wp-json\/wp\/v2\/posts\/14511\/revisions\/14514"}],"wp:featuredmedia":[{"embeddable":true,"href":"https:\/\/www.noticiasmas.com.ar\/index.php\/wp-json\/wp\/v2\/media\/14512"}],"wp:attachment":[{"href":"https:\/\/www.noticiasmas.com.ar\/index.php\/wp-json\/wp\/v2\/media?parent=14511"}],"wp:term":[{"taxonomy":"category","embeddable":true,"href":"https:\/\/www.noticiasmas.com.ar\/index.php\/wp-json\/wp\/v2\/categories?post=14511"},{"taxonomy":"post_tag","embeddable":true,"href":"https:\/\/www.noticiasmas.com.ar\/index.php\/wp-json\/wp\/v2\/tags?post=14511"}],"curies":[{"name":"wp","href":"https:\/\/api.w.org\/{rel}","templated":true}]}}