{"id":14565,"date":"2025-04-30T08:49:11","date_gmt":"2025-04-30T11:49:11","guid":{"rendered":"https:\/\/www.noticiasmas.com.ar\/?p=14565"},"modified":"2025-04-30T08:50:39","modified_gmt":"2025-04-30T11:50:39","slug":"la-licitacion-de-la-hidrovia-no-debe-ser-disenada-desde-una-oficina-en-capital-federal","status":"publish","type":"post","link":"https:\/\/www.noticiasmas.com.ar\/index.php\/2025\/04\/30\/la-licitacion-de-la-hidrovia-no-debe-ser-disenada-desde-una-oficina-en-capital-federal\/","title":{"rendered":"\u201cLa licitaci\u00f3n de la Hidrov\u00eda no debe ser dise\u00f1ada desde una oficina en Capital Federal&#8221;"},"content":{"rendered":"\n<p>En el marco del XIX Encuentro Argentino de Transporte Fluvial, un evento que reuni\u00f3 a especialistas, empresarios y funcionarios para debatir sobre el futuro del sistema hidroviario argentino, el gobernador santafesino Maximiliano Pullaro se\u00f1al\u00f3 que la provincia, y el cord\u00f3n litorale\u00f1o en general, deber\u00e1n ser protagonistas de la renovaci\u00f3n del sistema h\u00eddrico de tr\u00e1fico de exportaciones. <\/p>\n\n\n\n<p>&#8220;En Argentina vamos a tener mejores niveles de igualdad y desarrollo si miramos al interior productivo del pa\u00eds, si logramos producir m\u00e1s, vender mejor\u201d, dijo Pullaro, y en ese sentido destac\u00f3 que el encuentro \u201cnuclea lo mejor de esa Argentina productiva que queremos quienes aprendimos que con trabajo y con esfuerzo se puede salir adelante\u201d.<\/p>\n\n\n\n<p>&#8220;La potencia de la Regi\u00f3n Litoral que nuclea al caudaloso r\u00edo Paran\u00e1 y que debe tambi\u00e9n nuclear una estrategia pol\u00edtica que nos permita desarrollar la explotaci\u00f3n del r\u00edo apostando al proceso de licitaci\u00f3n de la Hidrov\u00eda para que no sea dise\u00f1ada desde una oficina desde Capital Federal sino que sea un modelo de desarrollo productivo y de infraestructura que es lo que necesitamos para abaratar la log\u00edstica y ser m\u00e1s competitivos\u201d, por lo cual remarc\u00f3 que no solo se habla del \u201ccalado y balizamiento sino tambi\u00e9n de la infraestructura vial y energ\u00e9tica para poder bajar los costos de nuestro sistema productivo, de la log\u00edstica y as\u00ed abaratar tambi\u00e9n los costos de los productos que tenemos que exportar\u201d.<\/p>\n\n\n\n<p>Adem\u00e1s, Pullaro apunt\u00f3 al estado de las rutas nacionales se\u00f1alando que est\u00e1n \u201cen un p\u00e9simo estado\u201d, por lo cual pidi\u00f3 \u201cun programa de licitaci\u00f3n para reparar, bachear y hacer rutas nuevas porque la congesti\u00f3n de nuestros caminos es cada vez peor\u201d. Y record\u00f3 que Santa Fe \u201cno se lleva un solo centavo de las exportaciones y de las retenciones que aplica el Estado Nacional, las cuales pedimos que se eliminen. Sin embargo, desde la Provincia estamos haciendo inversiones hist\u00f3ricas para que nuestras rutas est\u00e9n en condiciones, con el objetivo de que la producci\u00f3n salga desde los puertos en las mejores condiciones\u201d.<\/p>\n\n\n\n<p>Del acto participaron tambi\u00e9n el ministro de Desarrollo Productivo, Gustavo Puccini; el intendente de Rosario, Pablo Javkin; el presidente de la Bolsa de Comercio de Rosario, Miguel Simioni; el director del Instituto de Desarrollo Regional de Rosario, Juan Carlos Venesia; autoridades nacionales, provinciales y municipales; legisladores nacionales y provinciales; representantes de C\u00e1maras, Asociaciones y Sindicatos, entre otros.<\/p>\n\n\n\n<h2 class=\"wp-block-heading\"><strong>Mirada federal<\/strong><\/h2>\n\n\n\n<p>Puccini, en tanto, record\u00f3 que Santa Fe \u201ctiene la salida de la producci\u00f3n del 70 % de todos los granos que salen de Argentina\u201d, por lo cual desde el Gobierno de la Provincia \u201cimpulsamos una agenda log\u00edstica e integral que debemos trabajar entre las provincias y el sector privado\u201d y agreg\u00f3 que la agenda de la Hidrov\u00eda \u201ces sumamente importante para Santa Fe\u201d y reclam\u00f3 \u201cuna mirada federal para el sector productivo\u201d.<\/p>\n\n\n\n<p>Asimismo, el ministro reconoci\u00f3 que Santa Fe \u201cdesde el minuto uno que Naci\u00f3n dijo que licitaba la Hidrov\u00eda convoc\u00f3 a todos los sectores para que los puertos desde Arroyo Seco hasta Reconquista tengan una mirada complementaria vinculada a la Hidrov\u00eda porque tenemos el valor agregado que generan nuestras industrias, las pymes y que vean en el transporte mar\u00edtimo la posibilidad de exportar. Eso solo va a ser posible si esta licitaci\u00f3n le permite ser competitiva, eficiente y moderna por lo cual propusimos que las provincias tengan un control sobre la licitaci\u00f3n para que haya obras que permitan el desarrollo\u201d.<\/p>\n\n\n\n<p>Por \u00faltimo, Simioni recalc\u00f3 que el evento \u201cratifica una vez m\u00e1s el compromiso compartido de nuestra regi\u00f3n y las instituciones con el desarrollo fluvial y mar\u00edtimo\u201d, a lo que sum\u00f3 que esperan \u201cque el proceso licitatorio del tramo argentino de la V\u00eda Navegable Troncal sea exitoso y competitivo porque necesitamos que sea m\u00e1s moderna, eficiente y siempre respetando el cuidado del medio ambiente\u201d.<\/p>\n\n\n\n<p><\/p>\n","protected":false},"excerpt":{"rendered":"<p>En el marco del XIX Encuentro Argentino de Transporte Fluvial, un evento que reuni\u00f3 a especialistas, empresarios y funcionarios para debatir sobre el futuro del sistema hidroviario argentino, el gobernador santafesino Maximiliano Pullaro se\u00f1al\u00f3 que la provincia, y el cord\u00f3n litorale\u00f1o en general, deber\u00e1n ser protagonistas de la renovaci\u00f3n del sistema h\u00eddrico de tr\u00e1fico de [&hellip;]<\/p>\n","protected":false},"author":9,"featured_media":14566,"comment_status":"closed","ping_status":"open","sticky":false,"template":"","format":"standard","meta":{"tdm_status":"","tdm_grid_status":"","footnotes":""},"categories":[14],"tags":[1061,62,4385,18],"class_list":{"0":"post-14565","1":"post","2":"type-post","3":"status-publish","4":"format-standard","5":"has-post-thumbnail","7":"category-provinciales","8":"tag-cordon-industrial","9":"tag-hidrovia","10":"tag-parana-paraguay","11":"tag-santa-fe"},"_links":{"self":[{"href":"https:\/\/www.noticiasmas.com.ar\/index.php\/wp-json\/wp\/v2\/posts\/14565","targetHints":{"allow":["GET"]}}],"collection":[{"href":"https:\/\/www.noticiasmas.com.ar\/index.php\/wp-json\/wp\/v2\/posts"}],"about":[{"href":"https:\/\/www.noticiasmas.com.ar\/index.php\/wp-json\/wp\/v2\/types\/post"}],"author":[{"embeddable":true,"href":"https:\/\/www.noticiasmas.com.ar\/index.php\/wp-json\/wp\/v2\/users\/9"}],"replies":[{"embeddable":true,"href":"https:\/\/www.noticiasmas.com.ar\/index.php\/wp-json\/wp\/v2\/comments?post=14565"}],"version-history":[{"count":2,"href":"https:\/\/www.noticiasmas.com.ar\/index.php\/wp-json\/wp\/v2\/posts\/14565\/revisions"}],"predecessor-version":[{"id":14568,"href":"https:\/\/www.noticiasmas.com.ar\/index.php\/wp-json\/wp\/v2\/posts\/14565\/revisions\/14568"}],"wp:featuredmedia":[{"embeddable":true,"href":"https:\/\/www.noticiasmas.com.ar\/index.php\/wp-json\/wp\/v2\/media\/14566"}],"wp:attachment":[{"href":"https:\/\/www.noticiasmas.com.ar\/index.php\/wp-json\/wp\/v2\/media?parent=14565"}],"wp:term":[{"taxonomy":"category","embeddable":true,"href":"https:\/\/www.noticiasmas.com.ar\/index.php\/wp-json\/wp\/v2\/categories?post=14565"},{"taxonomy":"post_tag","embeddable":true,"href":"https:\/\/www.noticiasmas.com.ar\/index.php\/wp-json\/wp\/v2\/tags?post=14565"}],"curies":[{"name":"wp","href":"https:\/\/api.w.org\/{rel}","templated":true}]}}