{"id":14587,"date":"2025-04-30T20:53:13","date_gmt":"2025-04-30T23:53:13","guid":{"rendered":"https:\/\/www.noticiasmas.com.ar\/?p=14587"},"modified":"2025-04-30T20:53:17","modified_gmt":"2025-04-30T23:53:17","slug":"1o-de-mayo-cerca-de-200-mil-personas-con-problemas-de-trabajo-en-el-gran-rosario","status":"publish","type":"post","link":"https:\/\/www.noticiasmas.com.ar\/index.php\/2025\/04\/30\/1o-de-mayo-cerca-de-200-mil-personas-con-problemas-de-trabajo-en-el-gran-rosario\/","title":{"rendered":"1\u00ba DE MAYO: CERCA DE 200 MIL PERSONAS CON PROBLEMAS DE TRABAJO EN EL GRAN ROSARIO"},"content":{"rendered":"\n<p>En el marco de un nuevo 1ro de mayo Dia de los Trabajadores, el diputado Provincial Carlos del Frade emiti\u00f3 un comunicado se\u00f1alando las actuales tasas de desocupaci\u00f3n que son del 5,1 por ciento en el Gran Santa Fe y 6 por ciento en el Gran Rosario.<\/p>\n\n\n\n<p>Asimismo, los datos se completan con un 8,4 por ciento de empleo demandante en Santa Fe y 14,6 por ciento en Rosario y 13,4 por ciento de subocupaci\u00f3n en los alrededores de la ciudad capital y 8,4 por ciento en la cuna de la bandera.<\/p>\n\n\n\n<p>Las cifras comprenden un universo de 12 mil personas desocupadas, 21 mil ocupadas demandantes y 33 mil subocupadas en el Gran Santa Fe. Un total de 66 mil personas con problemas de empleo en la regi\u00f3n capital de la provincia que m\u00e1s exporta en la Argentina.<\/p>\n\n\n\n<p>Asimismo, un cosmos de 41 mil personas desocupadas, 99 mil personas ocupadas demandantes y 57 mil subocupadas en el Gran Rosario, otrora coraz\u00f3n del segundo cord\u00f3n industrial m\u00e1s importante de Am\u00e9rica del Sur despu\u00e9s de San Pablo. Es decir 197 mil personas con problemas ocupacionales en el Gran Rosario.<\/p>\n\n\n\n<p>En este escenario preocupante en el campo del trabajo, el legislador del Frente Amplio por la Soberan\u00eda (FAS) trajo como recuerdo el pre\u00e1mbulo de la \u201cocasionalmente famosa\u201d Constituci\u00f3n de la Provincia de Santa Fe del a\u00f1o 1962.<\/p>\n\n\n\n<p>\u201cNos, los representantes del pueblo de la Provincia de Santa Fe, reunidos en Convenci\u00f3n Constituyente con el objeto de organizar los poderes p\u00fablicos y consolidar las instituciones democr\u00e1ticas y republicanas para asegurar los derechos fundamentales del hombre; mantener la paz interna; afianzar la justicia; estimular y dignificar el trabajo; proveer a la educaci\u00f3n y la cultura; fomentar la cooperaci\u00f3n y solidaridad sociales; promover el bienestar general; impulsar el desarrollo econ\u00f3mico bajo el signo de la justicia social; afirmar la vigencia del federalismo y del r\u00e9gimen municipal; y garantir en todo tiempo los beneficios de la libertad para todos los habitantes de la Provincia, invocando la protecci\u00f3n de Dios, fuente de toda raz\u00f3n y justicia, sancionamos esta Constituci\u00f3n\u201d,<\/p>\n\n\n\n<p>\u201cDe esta declaraci\u00f3n es importante destacar en el contexto del d\u00eda internacional de las y los trabajadores los p\u00e1rrafos que sostienen la necesidad de estimular y dignificar el trabajo e impulsar el desarrollo econ\u00f3mico bajo el signo de la justicia social\u201d, se\u00f1al\u00f3 Del Frade .<\/p>\n\n\n\n<p>Asimismo, el legislador indic\u00f3 que la provincia de Santa Fe \u201ces la que m\u00e1s aporta derechos aduaneros a la Argentina\u201d. Un 40 por ciento, mientras que la poderosa Buenos Aires, solamente el 28 por ciento. All\u00ed hay una muestra del \u201cdesarrollo econ\u00f3mico\u201d. \u201cPero lo dif\u00edcil es encontrar la justicia social\u201d, se quej\u00f3 el diputado .<\/p>\n\n\n\n<p>DATOS IMPORTANTES EN ESTE 1RO DE MAYO<\/p>\n\n\n\n<p>Seg\u00fan el Instituto Nacional de Estad\u00edsticas y Censo, el ingreso per c\u00e1pita familiar en la provincia se sit\u00faa en los 413 mil pesos y la distancia, la grieta entre los que m\u00e1s cobran y los que menos perciben es de 13,11 veces, entre los 93.009 pesos y los 1.220.000 pesos. Seg\u00fan los n\u00fameros del Centro de Estudios para la Producci\u00f3n, el salario nominal por puesto de trabajo registrado en la provincia de Santa Fe es de 835.630 pesos, entre lo p\u00fablico y lo privado, recordando que la l\u00ednea de indigencia, en abril de 2025, est\u00e1 ubicada en los 160.939,45 pesos y la canasta b\u00e1sica total en 356.073,46 pesos y la jubilaci\u00f3n m\u00ednima en 285.820,74 pesos.<\/p>\n\n\n\n<p>La pobreza en la provincia de Santa Fe, seg\u00fan el INDEC, alcanza a 678.783 personas, solamente en el Gran Santa Fe y el Gran Rosario.<\/p>\n\n\n\n<p>En una provincia cuyo Producto Geogr\u00e1fico supera los 50 mil millones de d\u00f3lares anuales.<\/p>\n\n\n\n<p>Es decir que \u201chay concentraci\u00f3n de riquezas, extranjerizaci\u00f3n de las mismas y democratizaci\u00f3n del empobrecimiento\u201d, apunt\u00f3 el diputado del FAS .<\/p>\n\n\n\n<p>\u201cHay desarrollo econ\u00f3mico pero no hay justicia social como dec\u00eda el pre\u00e1mbulo de la Constituci\u00f3n de 1962\u201d, agreg\u00f3<\/p>\n\n\n\n<p>DESOCUPACI\u00d3N<\/p>\n\n\n\n<p>Las actuales tasas de desocupaci\u00f3n son del 5,1 por ciento en el Gran Santa Fe y 6 por ciento en el Gran Rosario; 8,4 por ciento de empleo demandante en Santa Fe y 14,6 por ciento en Rosario y 13,4 por ciento de subocupaci\u00f3n en los alrededores de la ciudad capital y 8,4 por ciento en la cuna de la bandera.<\/p>\n\n\n\n<p>Un universo de 12 mil personas desocupadas, 21 mil ocupadas demandantes y 33 mil subocupadas en el Gran Santa Fe. Un total de 66 mil personas con problemas de empleo en la regi\u00f3n capital de la provincia que m\u00e1s exporta en la Argentina.<\/p>\n\n\n\n<p>Un cosmos de 41 mil personas desocupadas, 99 mil personas ocupadas demandantes y 57 mil subocupadas en el Gran Rosario, otrora coraz\u00f3n del segundo cord\u00f3n industrial m\u00e1s importante de Am\u00e9rica del Sur despu\u00e9s de San Pablo. Es decir 197 mil personas con problemas ocupacionales en el Gran Rosario.<\/p>\n\n\n\n<p>Entre ambos grandes centros urbanos santafesinos, 263 mil personas atravesadas por la necesidad de tener trabajo digno para empatarle al fin de mes y las urgencias cotidianas.<\/p>\n\n\n\n<p>Por otro lado, el peso de la mayor informalidad laboral recae en la espalda de la juventud menor de 29 a\u00f1os: seis de cada diez tienen empleos informales, seg\u00fan la Organizaci\u00f3n Internacional de Trabajo, delegaci\u00f3n argentina a fines de abril de 2025.<\/p>\n\n\n\n<p>En el segundo estado de la Argentina, durante 2024 se produjeron 42.222 accidentes laborales y enfermedades profesionales, seg\u00fan consigna la Superintendencia de Riesgos de Trabajo. Son 116 accidentes laborales por d\u00eda, cinco por hora, uno cada doce minutos y la mayor\u00eda de ellos se verifican en las grandes empresas que tienen la capacidad econ\u00f3mica para cuidar a quienes producen la riqueza que son, justamente, sus trabajadores.<\/p>\n\n\n\n<p>Para la Federaci\u00f3n de Industrias de Santa Fe, en el primer a\u00f1o del gobierno de Javier Milei, de acuerdo a los datos del Sistema Integrado Previsional Argentino, en diciembre de 2023 hab\u00eda 520.800 puestos de trabajo en el sector privado; a fines de 2024, hubo 509.100; es decir que en ese primer a\u00f1o de administraci\u00f3n se perdieron 11.700 puestos laborales en el sector privado.<\/p>\n\n\n\n<p>EMPRESAS QUE DESPIDIERON<\/p>\n\n\n\n<p>Algunos ejemplos de despidos en grandes empresas santafesinas se verifican en Sancor, que pas\u00f3 de tener 4 mil trabajadores en 2017, a 2.028 en 2025 y con riesgo de ser declarada en quiebra.La General Motors pas\u00f3 de 3 mil trabajadores a 600. Acindar, de 2.300 a mil trabajadores. El cierre de Dow dej\u00f3 en la calle a 120 trabajadores de los cuales solamente 2 recuperaron un puesto laboral en una industria similar. La situaci\u00f3n de tres plantas del grupo Vicentin tiene en estado de angustia a 1.300 puestos de trabajo permanentes y casi 4 mil de forma indirecta.<\/p>\n\n\n\n<p>Los problemas financieros de Celulosa Argentina en Capit\u00e1n Berm\u00fadez generan incertidumbre en 1.441 trabajadores.<\/p>\n\n\n\n<p>Mientras ya se perdieron casi 500 puestos de trabajo en las empresas que ten\u00edan el servicio de peaje en rutas nacionales y que atraviesan la geograf\u00eda santafesina.<\/p>\n\n\n\n<p>Por otro lado, gremios vinculados a patrones de buques, serenos y otras actividades del r\u00edo, est\u00e1n denunciando que la desregulaci\u00f3n del sector puede dejar en la calle a 800 familias santafesinas.<\/p>\n\n\n\n<p>En este panorama, el d\u00eda internacional de la clase trabajadora \u201cexige una imprescindible toma de conciencia de la necesidad de poner l\u00edmites a la voracidad de las grandes empresas como tambi\u00e9n a la concentraci\u00f3n y extranjerizaci\u00f3n de riquezas que implementa el gobierno nacional, muchas veces acompa\u00f1ada por la administraci\u00f3n provincial\u201d, manifest\u00f3 el diputado.<\/p>\n","protected":false},"excerpt":{"rendered":"<p>En el marco de un nuevo 1ro de mayo Dia de los Trabajadores, el diputado Provincial Carlos del Frade emiti\u00f3 un comunicado se\u00f1alando las actuales tasas de desocupaci\u00f3n que son del 5,1 por ciento en el Gran Santa Fe y 6 por ciento en el Gran Rosario. Asimismo, los datos se completan con un 8,4 [&hellip;]<\/p>\n","protected":false},"author":5,"featured_media":14588,"comment_status":"closed","ping_status":"open","sticky":false,"template":"","format":"standard","meta":{"tdm_status":"","tdm_grid_status":"","footnotes":""},"categories":[14],"tags":[4388,4389,4391,163,18,4390],"class_list":{"0":"post-14587","1":"post","2":"type-post","3":"status-publish","4":"format-standard","5":"has-post-thumbnail","7":"category-provinciales","8":"tag-1o-de-mayo","9":"tag-desocupacion","10":"tag-problemas-laborales","11":"tag-rosario","12":"tag-santa-fe","13":"tag-subocupacion"},"_links":{"self":[{"href":"https:\/\/www.noticiasmas.com.ar\/index.php\/wp-json\/wp\/v2\/posts\/14587","targetHints":{"allow":["GET"]}}],"collection":[{"href":"https:\/\/www.noticiasmas.com.ar\/index.php\/wp-json\/wp\/v2\/posts"}],"about":[{"href":"https:\/\/www.noticiasmas.com.ar\/index.php\/wp-json\/wp\/v2\/types\/post"}],"author":[{"embeddable":true,"href":"https:\/\/www.noticiasmas.com.ar\/index.php\/wp-json\/wp\/v2\/users\/5"}],"replies":[{"embeddable":true,"href":"https:\/\/www.noticiasmas.com.ar\/index.php\/wp-json\/wp\/v2\/comments?post=14587"}],"version-history":[{"count":1,"href":"https:\/\/www.noticiasmas.com.ar\/index.php\/wp-json\/wp\/v2\/posts\/14587\/revisions"}],"predecessor-version":[{"id":14589,"href":"https:\/\/www.noticiasmas.com.ar\/index.php\/wp-json\/wp\/v2\/posts\/14587\/revisions\/14589"}],"wp:featuredmedia":[{"embeddable":true,"href":"https:\/\/www.noticiasmas.com.ar\/index.php\/wp-json\/wp\/v2\/media\/14588"}],"wp:attachment":[{"href":"https:\/\/www.noticiasmas.com.ar\/index.php\/wp-json\/wp\/v2\/media?parent=14587"}],"wp:term":[{"taxonomy":"category","embeddable":true,"href":"https:\/\/www.noticiasmas.com.ar\/index.php\/wp-json\/wp\/v2\/categories?post=14587"},{"taxonomy":"post_tag","embeddable":true,"href":"https:\/\/www.noticiasmas.com.ar\/index.php\/wp-json\/wp\/v2\/tags?post=14587"}],"curies":[{"name":"wp","href":"https:\/\/api.w.org\/{rel}","templated":true}]}}