{"id":14614,"date":"2025-05-05T08:23:57","date_gmt":"2025-05-05T11:23:57","guid":{"rendered":"https:\/\/www.noticiasmas.com.ar\/?p=14614"},"modified":"2025-05-05T08:24:00","modified_gmt":"2025-05-05T11:24:00","slug":"exito-global-por-que-el-eternauta-es-una-de-las-series-mas-vistas-en-netflix","status":"publish","type":"post","link":"https:\/\/www.noticiasmas.com.ar\/index.php\/2025\/05\/05\/exito-global-por-que-el-eternauta-es-una-de-las-series-mas-vistas-en-netflix\/","title":{"rendered":"\u00c9xito global: por qu\u00e9 El Eternauta es una de las series m\u00e1s vistas en Netflix"},"content":{"rendered":"\n<p>La serie &#8220;El Eternauta&#8221;, protagonizada por Ricardo Dar\u00edn y basada en la novela gr\u00e1fica de H\u00e9ctor Oesterheld y Francisco Solano L\u00f3pez se convirti\u00f3 en un fen\u00f3meno internacional tras su estreno en Netflix este fin de semana.&nbsp;<\/p>\n\n\n\n<p>La producci\u00f3n argentina encabezada por K&amp;S Films y difundida por la plataforma de streaming ya ocupa el primer lugar de audiencia en 20 pa\u00edses y ha sido renovada para una segunda temporada.<\/p>\n\n\n\n<p>La serie fue creada y dirigida por Bruno Stagnaro, y ha recibido elogios por su ambiciosa puesta en escena y su destacada calidad tecnol\u00f3gica. En sitios web de jerarqu\u00eda en cuanto a cr\u00edtica de contenidos audiovisuales como por ejemplo Rotten Tomatoes, la calificaci\u00f3n recibida fue del 93%.&nbsp;<\/p>\n\n\n\n<p>La miniserie protagonizada por Darin junto a Carla Peterson, C\u00e9sar Troncoso, Andrea Pietra, Ariel Staltari, Marcelo Subiotto, Claudio Mart\u00ednez Bel, Orianna C\u00e1rdenas y Mora Fisz consta de 6 episodios de alrededor de 55 minutos de duraci\u00f3n, y es una de las grandes apuestas de la producci\u00f3n cinematogr\u00e1fica y audiovisual nacional. La segunda temporada ya fue confirmada y se espera fecha de producci\u00f3n y estreno.&nbsp;&nbsp;<\/p>\n\n\n\n<p>Entre los pa\u00edses donde &#8220;El Eternauta&#8221; lidera el ranking se encuentran Argentina, Bolivia, Brasil, Chile, Colombia, Rep\u00fablica Dominicana, Alemania, Guatemala, Honduras, Hungr\u00eda, Italia, M\u00e9xico, Nicaragua, Panam\u00e1, Paraguay, El Salvador, Eslovenia, Espa\u00f1a, Turqu\u00eda, Uruguay y Venezuela.<\/p>\n","protected":false},"excerpt":{"rendered":"<p>La serie &#8220;El Eternauta&#8221;, protagonizada por Ricardo Dar\u00edn y basada en la novela gr\u00e1fica de H\u00e9ctor Oesterheld y Francisco Solano L\u00f3pez se convirti\u00f3 en un fen\u00f3meno internacional tras su estreno en Netflix este fin de semana.&nbsp; La producci\u00f3n argentina encabezada por K&amp;S Films y difundida por la plataforma de streaming ya ocupa el primer lugar [&hellip;]<\/p>\n","protected":false},"author":9,"featured_media":14615,"comment_status":"closed","ping_status":"open","sticky":false,"template":"","format":"standard","meta":{"tdm_status":"","tdm_grid_status":"","footnotes":""},"categories":[4],"tags":[4403,3129,4405,4404],"class_list":{"0":"post-14614","1":"post","2":"type-post","3":"status-publish","4":"format-standard","5":"has-post-thumbnail","7":"category-culturayespectaculos","8":"tag-el-eternauta","9":"tag-netflix","10":"tag-produccion-audiovisual","11":"tag-series"},"_links":{"self":[{"href":"https:\/\/www.noticiasmas.com.ar\/index.php\/wp-json\/wp\/v2\/posts\/14614","targetHints":{"allow":["GET"]}}],"collection":[{"href":"https:\/\/www.noticiasmas.com.ar\/index.php\/wp-json\/wp\/v2\/posts"}],"about":[{"href":"https:\/\/www.noticiasmas.com.ar\/index.php\/wp-json\/wp\/v2\/types\/post"}],"author":[{"embeddable":true,"href":"https:\/\/www.noticiasmas.com.ar\/index.php\/wp-json\/wp\/v2\/users\/9"}],"replies":[{"embeddable":true,"href":"https:\/\/www.noticiasmas.com.ar\/index.php\/wp-json\/wp\/v2\/comments?post=14614"}],"version-history":[{"count":1,"href":"https:\/\/www.noticiasmas.com.ar\/index.php\/wp-json\/wp\/v2\/posts\/14614\/revisions"}],"predecessor-version":[{"id":14616,"href":"https:\/\/www.noticiasmas.com.ar\/index.php\/wp-json\/wp\/v2\/posts\/14614\/revisions\/14616"}],"wp:featuredmedia":[{"embeddable":true,"href":"https:\/\/www.noticiasmas.com.ar\/index.php\/wp-json\/wp\/v2\/media\/14615"}],"wp:attachment":[{"href":"https:\/\/www.noticiasmas.com.ar\/index.php\/wp-json\/wp\/v2\/media?parent=14614"}],"wp:term":[{"taxonomy":"category","embeddable":true,"href":"https:\/\/www.noticiasmas.com.ar\/index.php\/wp-json\/wp\/v2\/categories?post=14614"},{"taxonomy":"post_tag","embeddable":true,"href":"https:\/\/www.noticiasmas.com.ar\/index.php\/wp-json\/wp\/v2\/tags?post=14614"}],"curies":[{"name":"wp","href":"https:\/\/api.w.org\/{rel}","templated":true}]}}