{"id":14654,"date":"2025-05-06T11:12:49","date_gmt":"2025-05-06T14:12:49","guid":{"rendered":"https:\/\/www.noticiasmas.com.ar\/?p=14654"},"modified":"2025-05-06T11:16:02","modified_gmt":"2025-05-06T14:16:02","slug":"diputados-debatiran-el-proyecto-para-bajar-la-edad-de-imputabilidad-a-14-anos","status":"publish","type":"post","link":"https:\/\/www.noticiasmas.com.ar\/index.php\/2025\/05\/06\/diputados-debatiran-el-proyecto-para-bajar-la-edad-de-imputabilidad-a-14-anos\/","title":{"rendered":"Diputados debatir\u00e1n el proyecto para bajar la edad de imputabilidad a 14 a\u00f1os"},"content":{"rendered":"\n<p>Este martes, la <strong>C\u00e1mara de Diputados de la Naci\u00f3n<\/strong> abrir\u00e1 el debate en comisi\u00f3n sobre el proyecto de <strong>reforma de la Ley Penal Juvenil, <\/strong>una iniciativa impulsada por el gobierno nacional que busca<strong> reducir la edad de imputabilidad de 16 a 14 a\u00f1os<\/strong> y establecer un <strong>nuevo r\u00e9gimen de sanciones para menores de edad.<\/strong><\/p>\n\n\n\n<p>El tratamiento tendr\u00e1 lugar a partir de las 16 horas en un plenario de comisiones convocado por la presidenta de Legislaci\u00f3n Penal, Laura Rodr\u00edguez Machado (PRO). Participar\u00e1n tambi\u00e9n las comisiones de Justicia, Familia y Presupuesto y Hacienda, presididas por Manuel Quintar (La Libertad Avanza), Roxana Reyes (UCR) y Jos\u00e9 Luis Espert (La Libertad Avanza), respectivamente.<\/p>\n\n\n\n<p>La propuesta cuenta con el respaldo de los bloques oficialistas, as\u00ed como del PRO, la UCR, la Coalici\u00f3n C\u00edvica, Innovaci\u00f3n Federal y algunos sectores de Encuentro Federal. En contraste,<strong> el proyecto es rechazado<\/strong> de forma contundente por <strong>Uni\u00f3n por la Patria, la izquierda, diversas organizaciones de Derechos Humanos y tambi\u00e9n por referentes de la Iglesia Cat\u00f3lica.<\/strong><\/p>\n\n\n\n<p>\u201cPoner en situaci\u00f3n de encierro a un chico no soluciona el problema de ra\u00edz\u201d, advirti\u00f3 monse\u00f1or Dante Braida, obispo de La Rioja y presidente de la Comisi\u00f3n Episcopal de Pastoral Social, quien el domingo se sum\u00f3 al rechazo.<\/p>\n\n\n\n<p>El objetivo del oficialismo es lograr este martes la firma del dictamen de mayor\u00eda, con la intenci\u00f3n de llevar el proyecto al recinto antes de fin de mes, seg\u00fan confirmaron fuentes parlamentarias.<\/p>\n\n\n\n<p>Aunque en un primer momento el Ejecutivo baraj\u00f3 la posibilidad de bajar la edad de imputabilidad a 13 a\u00f1os en casos de delitos graves, el consenso parlamentario actual apunta a establecerla en 14 a\u00f1os. Esta propuesta es impulsada, entre otros, por el diputado Ramiro Guti\u00e9rrez (UxP), quien integra un sector m\u00e1s dialoguista dentro del peronismo.<\/p>\n\n\n\n<p>El texto del proyecto establece que los menores no podr\u00e1n recibir penas de prisi\u00f3n perpetua y que la condena m\u00e1xima ser\u00e1 de 20 a\u00f1os, incluso en casos donde la sumatoria de delitos supere esa escala. Adem\u00e1s, prev\u00e9 un sistema orientado a la resocializaci\u00f3n que incluye programas educativos, deportivos, de formaci\u00f3n ciudadana y tratamientos m\u00e9dicos si se requiere.<\/p>\n\n\n\n<p>Tambi\u00e9n se contempla la creaci\u00f3n de una nueva figura institucional: el <strong>supervisor<\/strong>, quien tendr\u00e1 el rol de acompa\u00f1ar a los j\u00f3venes infractores durante su proceso de rehabilitaci\u00f3n y reintegraci\u00f3n.<\/p>\n\n\n\n<p>El proyecto establece que una vez cumplidos dos tercios de la pena, se podr\u00e1 solicitar su revisi\u00f3n para acceder a un r\u00e9gimen domiciliario. Adem\u00e1s, plantea otras modalidades para cumplir condenas, como institutos abiertos o especializados en menores.<\/p>\n\n\n\n<p>En los casos de delitos menos graves, se podr\u00e1n aplicar sanciones alternativas como servicios comunitarios, monitoreo electr\u00f3nico, reparaci\u00f3n del da\u00f1o, restricciones de acercamiento a la v\u00edctima y programas de seguimiento en libertad.<\/p>\n\n\n\n<p>El debate sobre esta reforma comenz\u00f3 el a\u00f1o pasado con siete reuniones de comisi\u00f3n y tuvo continuidad en marzo de este a\u00f1o con dos nuevos encuentros previos al tratamiento del acuerdo con el FMI. La discusi\u00f3n sigue abierta y promete dividir aguas dentro del Congreso y de la sociedad.<\/p>\n","protected":false},"excerpt":{"rendered":"<p>Este martes, la C\u00e1mara de Diputados de la Naci\u00f3n abrir\u00e1 el debate en comisi\u00f3n sobre el proyecto de reforma de la Ley Penal Juvenil, una iniciativa impulsada por el gobierno nacional que busca reducir la edad de imputabilidad de 16 a 14 a\u00f1os y establecer un nuevo r\u00e9gimen de sanciones para menores de edad. El [&hellip;]<\/p>\n","protected":false},"author":9,"featured_media":14655,"comment_status":"closed","ping_status":"open","sticky":false,"template":"","format":"standard","meta":{"tdm_status":"","tdm_grid_status":"","footnotes":""},"categories":[1],"tags":[1064,4415,4414],"class_list":{"0":"post-14654","1":"post","2":"type-post","3":"status-publish","4":"format-standard","5":"has-post-thumbnail","7":"category-nacionales","8":"tag-diputados","9":"tag-edad-imputabilidad","10":"tag-ley-penal-juvenil"},"_links":{"self":[{"href":"https:\/\/www.noticiasmas.com.ar\/index.php\/wp-json\/wp\/v2\/posts\/14654","targetHints":{"allow":["GET"]}}],"collection":[{"href":"https:\/\/www.noticiasmas.com.ar\/index.php\/wp-json\/wp\/v2\/posts"}],"about":[{"href":"https:\/\/www.noticiasmas.com.ar\/index.php\/wp-json\/wp\/v2\/types\/post"}],"author":[{"embeddable":true,"href":"https:\/\/www.noticiasmas.com.ar\/index.php\/wp-json\/wp\/v2\/users\/9"}],"replies":[{"embeddable":true,"href":"https:\/\/www.noticiasmas.com.ar\/index.php\/wp-json\/wp\/v2\/comments?post=14654"}],"version-history":[{"count":1,"href":"https:\/\/www.noticiasmas.com.ar\/index.php\/wp-json\/wp\/v2\/posts\/14654\/revisions"}],"predecessor-version":[{"id":14656,"href":"https:\/\/www.noticiasmas.com.ar\/index.php\/wp-json\/wp\/v2\/posts\/14654\/revisions\/14656"}],"wp:featuredmedia":[{"embeddable":true,"href":"https:\/\/www.noticiasmas.com.ar\/index.php\/wp-json\/wp\/v2\/media\/14655"}],"wp:attachment":[{"href":"https:\/\/www.noticiasmas.com.ar\/index.php\/wp-json\/wp\/v2\/media?parent=14654"}],"wp:term":[{"taxonomy":"category","embeddable":true,"href":"https:\/\/www.noticiasmas.com.ar\/index.php\/wp-json\/wp\/v2\/categories?post=14654"},{"taxonomy":"post_tag","embeddable":true,"href":"https:\/\/www.noticiasmas.com.ar\/index.php\/wp-json\/wp\/v2\/tags?post=14654"}],"curies":[{"name":"wp","href":"https:\/\/api.w.org\/{rel}","templated":true}]}}