{"id":14661,"date":"2025-05-07T08:23:20","date_gmt":"2025-05-07T11:23:20","guid":{"rendered":"https:\/\/www.noticiasmas.com.ar\/?p=14661"},"modified":"2025-05-07T08:23:23","modified_gmt":"2025-05-07T11:23:23","slug":"franco-colapinto-vuelve-a-la-formula-1-y-correra-el-proximo-gran-premio-de-emilia-romagna","status":"publish","type":"post","link":"https:\/\/www.noticiasmas.com.ar\/index.php\/2025\/05\/07\/franco-colapinto-vuelve-a-la-formula-1-y-correra-el-proximo-gran-premio-de-emilia-romagna\/","title":{"rendered":"Franco Colapinto vuelve a la F\u00f3rmula 1 y correr\u00e1 el pr\u00f3ximo Gran Premio de Emilia Romagna\u00a0"},"content":{"rendered":"\n<p>El argentino Franco Colapinto fue confirmado por el equipo Alpine como nuevo piloto titular para continuar con el campeonato 2025 de la F\u00f3rmula 1.<\/p>\n\n\n\n<p>El pr\u00f3ximo fin de semana del 16 al 18 de mayo, Colapinto estar\u00e1 como segundo piloto del equipo franc\u00e9s en el Gran Premio de la Emilia Romagna en Imola, Italia, s\u00e9ptima fecha del campeonato y que da pie al inicio al tramo europeo del calendario.<\/p>\n\n\n\n<p>En principio, el argentino tendr\u00e1 una evaluaci\u00f3n de 5 carreras: Imola, M\u00f3naco, Barcelona, Canad\u00e1 y Silverstone, para luego definir c\u00f3mo continuar\u00e1n en el resto del a\u00f1o. Alpine necesita imperiosamente sumar puntos en el campeonato de constructores, donde la lucha por el quinto puesto los tiene junto a Haas, Williams y RB en una apretada contienda deportiva.<\/p>\n\n\n\n<p>Y fue por esos nulos puntos acumulados que el equipo decidi\u00f3 quitar del segundo auto al australiano Jack Doohan, movimiento que a su vez provoc\u00f3 ayer la dimisi\u00f3n del jefe de equipo, Ollie Oakes, quien ser\u00e1 reemplazado por Flavio Briatore.<\/p>\n\n\n\n<p>El debut de Colapinto en esta temporada de la F\u00f3rmula 1 ser\u00e1 en el \u00faltimo trazado donde el argentino gan\u00f3 una carrera de F\u00f3rmula 2, y por segundo a\u00f1o consecutivo, la bandera celeste y blanca integrar\u00e1 la grilla de una carrera de la m\u00e1xima categor\u00eda del automovilismo.<\/p>\n","protected":false},"excerpt":{"rendered":"<p>El argentino Franco Colapinto fue confirmado por el equipo Alpine como nuevo piloto titular para continuar con el campeonato 2025 de la F\u00f3rmula 1. El pr\u00f3ximo fin de semana del 16 al 18 de mayo, Colapinto estar\u00e1 como segundo piloto del equipo franc\u00e9s en el Gran Premio de la Emilia Romagna en Imola, Italia, s\u00e9ptima [&hellip;]<\/p>\n","protected":false},"author":9,"featured_media":14662,"comment_status":"closed","ping_status":"open","sticky":false,"template":"","format":"standard","meta":{"tdm_status":"","tdm_grid_status":"","footnotes":""},"categories":[10],"tags":[3814,28,1642,2517,1530],"class_list":{"0":"post-14661","1":"post","2":"type-post","3":"status-publish","4":"format-standard","5":"has-post-thumbnail","7":"category-deportes","8":"tag-alpine","9":"tag-deportes","10":"tag-formula-1","11":"tag-franco-colapinto","12":"tag-italia"},"_links":{"self":[{"href":"https:\/\/www.noticiasmas.com.ar\/index.php\/wp-json\/wp\/v2\/posts\/14661","targetHints":{"allow":["GET"]}}],"collection":[{"href":"https:\/\/www.noticiasmas.com.ar\/index.php\/wp-json\/wp\/v2\/posts"}],"about":[{"href":"https:\/\/www.noticiasmas.com.ar\/index.php\/wp-json\/wp\/v2\/types\/post"}],"author":[{"embeddable":true,"href":"https:\/\/www.noticiasmas.com.ar\/index.php\/wp-json\/wp\/v2\/users\/9"}],"replies":[{"embeddable":true,"href":"https:\/\/www.noticiasmas.com.ar\/index.php\/wp-json\/wp\/v2\/comments?post=14661"}],"version-history":[{"count":1,"href":"https:\/\/www.noticiasmas.com.ar\/index.php\/wp-json\/wp\/v2\/posts\/14661\/revisions"}],"predecessor-version":[{"id":14663,"href":"https:\/\/www.noticiasmas.com.ar\/index.php\/wp-json\/wp\/v2\/posts\/14661\/revisions\/14663"}],"wp:featuredmedia":[{"embeddable":true,"href":"https:\/\/www.noticiasmas.com.ar\/index.php\/wp-json\/wp\/v2\/media\/14662"}],"wp:attachment":[{"href":"https:\/\/www.noticiasmas.com.ar\/index.php\/wp-json\/wp\/v2\/media?parent=14661"}],"wp:term":[{"taxonomy":"category","embeddable":true,"href":"https:\/\/www.noticiasmas.com.ar\/index.php\/wp-json\/wp\/v2\/categories?post=14661"},{"taxonomy":"post_tag","embeddable":true,"href":"https:\/\/www.noticiasmas.com.ar\/index.php\/wp-json\/wp\/v2\/tags?post=14661"}],"curies":[{"name":"wp","href":"https:\/\/api.w.org\/{rel}","templated":true}]}}