{"id":14715,"date":"2025-05-09T14:46:32","date_gmt":"2025-05-09T17:46:32","guid":{"rendered":"https:\/\/www.noticiasmas.com.ar\/?p=14715"},"modified":"2025-05-09T14:46:36","modified_gmt":"2025-05-09T17:46:36","slug":"docentes-rechazaron-la-propuesta-salarial-provincial-y-van-al-paro-el-miercoles-14-de-mayo-solo-en-escuelas-publicas","status":"publish","type":"post","link":"https:\/\/www.noticiasmas.com.ar\/index.php\/2025\/05\/09\/docentes-rechazaron-la-propuesta-salarial-provincial-y-van-al-paro-el-miercoles-14-de-mayo-solo-en-escuelas-publicas\/","title":{"rendered":"Docentes rechazaron la propuesta salarial provincial y van al paro el mi\u00e9rcoles 14 de mayo solo en escuelas p\u00fablicas"},"content":{"rendered":"\n<p>Ambos sindicatos docentes de la provincia de Santa Fe, Amsaf\u00e9 y Sadop, rechazaron la propuesta salarial del gobierno provincial de un 8% de aumento para el pr\u00f3ximo trimestre, pero \u00fanicamente los p\u00fablicos definieron una medida de fuerza por 24 horas para el pr\u00f3ximo mi\u00e9rcoles 14 de mayo.<\/p>\n\n\n\n<p>M\u00e1s de 20 mil docentes del \u00e1mbito p\u00fablico votaron a favor de una medida de fuerza que se concretar\u00e1 en un nuevo paro en las escuelas p\u00fablicas de Santa Fe.&nbsp;<\/p>\n\n\n\n<p>\u201cLa propuesta no cubre nuestras necesidades. Exigimos una recomposici\u00f3n salarial que responda a la inflaci\u00f3n de este semestre y la deuda de 2023. No podemos seguir soportando m\u00e1s recortes, especialmente en el sector de los jubilados\u201d, se\u00f1al\u00f3 el secretario general de Amsaf\u00e9, Rodrigo Alonso.<\/p>\n\n\n\n<p>Por el lado de Sadop, gran parte de los docentes rechazaron la propuesta pero sin realizar una medida de fuerza. \u201cLa propuesta salarial era muy mala y est\u00e1 lejos de las expectativas de los docentes. Lo dijimos al salir de la reuni\u00f3n y lo repetimos ahora: el 8% en tres tramos no recompone la p\u00e9rdida salarial del a\u00f1o pasado ni del primer trimestre de este a\u00f1o\u201d, dijo Mart\u00edn Lucero, secretario general de este gremio.&nbsp;<\/p>\n\n\n\n<p>La propuesta salarial ofrecida por el gobierno provincial es de un 3% en abril, 2,6% en mayo y 2,4% en junio, con un piso garantizado de 75 mil pesos para todos los trabajadores de la educaci\u00f3n.<\/p>\n","protected":false},"excerpt":{"rendered":"<p>Ambos sindicatos docentes de la provincia de Santa Fe, Amsaf\u00e9 y Sadop, rechazaron la propuesta salarial del gobierno provincial de un 8% de aumento para el pr\u00f3ximo trimestre, pero \u00fanicamente los p\u00fablicos definieron una medida de fuerza por 24 horas para el pr\u00f3ximo mi\u00e9rcoles 14 de mayo. M\u00e1s de 20 mil docentes del \u00e1mbito p\u00fablico [&hellip;]<\/p>\n","protected":false},"author":9,"featured_media":14716,"comment_status":"closed","ping_status":"open","sticky":false,"template":"","format":"standard","meta":{"tdm_status":"","tdm_grid_status":"","footnotes":""},"categories":[14],"tags":[800,798,1743,799,18],"class_list":{"0":"post-14715","1":"post","2":"type-post","3":"status-publish","4":"format-standard","5":"has-post-thumbnail","7":"category-provinciales","8":"tag-amsafe","9":"tag-docentes","10":"tag-paro-docente","11":"tag-sadop","12":"tag-santa-fe"},"_links":{"self":[{"href":"https:\/\/www.noticiasmas.com.ar\/index.php\/wp-json\/wp\/v2\/posts\/14715","targetHints":{"allow":["GET"]}}],"collection":[{"href":"https:\/\/www.noticiasmas.com.ar\/index.php\/wp-json\/wp\/v2\/posts"}],"about":[{"href":"https:\/\/www.noticiasmas.com.ar\/index.php\/wp-json\/wp\/v2\/types\/post"}],"author":[{"embeddable":true,"href":"https:\/\/www.noticiasmas.com.ar\/index.php\/wp-json\/wp\/v2\/users\/9"}],"replies":[{"embeddable":true,"href":"https:\/\/www.noticiasmas.com.ar\/index.php\/wp-json\/wp\/v2\/comments?post=14715"}],"version-history":[{"count":1,"href":"https:\/\/www.noticiasmas.com.ar\/index.php\/wp-json\/wp\/v2\/posts\/14715\/revisions"}],"predecessor-version":[{"id":14717,"href":"https:\/\/www.noticiasmas.com.ar\/index.php\/wp-json\/wp\/v2\/posts\/14715\/revisions\/14717"}],"wp:featuredmedia":[{"embeddable":true,"href":"https:\/\/www.noticiasmas.com.ar\/index.php\/wp-json\/wp\/v2\/media\/14716"}],"wp:attachment":[{"href":"https:\/\/www.noticiasmas.com.ar\/index.php\/wp-json\/wp\/v2\/media?parent=14715"}],"wp:term":[{"taxonomy":"category","embeddable":true,"href":"https:\/\/www.noticiasmas.com.ar\/index.php\/wp-json\/wp\/v2\/categories?post=14715"},{"taxonomy":"post_tag","embeddable":true,"href":"https:\/\/www.noticiasmas.com.ar\/index.php\/wp-json\/wp\/v2\/tags?post=14715"}],"curies":[{"name":"wp","href":"https:\/\/api.w.org\/{rel}","templated":true}]}}