{"id":14779,"date":"2025-05-12T18:30:13","date_gmt":"2025-05-12T21:30:13","guid":{"rendered":"https:\/\/www.noticiasmas.com.ar\/?p=14779"},"modified":"2025-05-12T18:30:17","modified_gmt":"2025-05-12T21:30:17","slug":"la-uom-decreto-retencion-de-tareas-en-vasalli","status":"publish","type":"post","link":"https:\/\/www.noticiasmas.com.ar\/index.php\/2025\/05\/12\/la-uom-decreto-retencion-de-tareas-en-vasalli\/","title":{"rendered":"LA UOM DECRET\u00d3 RETENCI\u00d3N DE TAREAS EN VASALLI"},"content":{"rendered":"\n<p>Los trabajadores de la empresa de Cosechadoras Vasalli de la Ciudad de Firmat han decretado en asamblea hacer retenci\u00f3n de tareas con motivo del atraso salarial que \u201cviene sosteniendo la patronal, sumado a la falta de cobertura social debido a la retenci\u00f3n y falta de pago de los aportes correspondientes\u201d, se\u00f1alaron desde el gremio metal\u00fargico .<\/p>\n\n\n\n<p>El Secretario General de la Seccional respectiva de la UOM, Diego Romero, manifest\u00f3 que \u201cLa situaci\u00f3n de los trabajadores es desesperante, imag\u00ednese que los trabajadores no llegamos a fin de mes cobrando el 100% de sueldo, como se encuentran cuando encima hay atraso\u201d.<\/p>\n\n\n\n<p>Por otro lado se encuentran sin prestaciones de salud, \u201cya que la empresa les retienen los aportes y no los pagan\u201d, agreg\u00f3 el texto gremial .<\/p>\n\n\n\n<p>En ese sentido, \u201choy en Asamblea se decidi\u00f3 hacer retenci\u00f3n de tareas ante los graves incumplientos de la patronal. As\u00ed no se puede seguir m\u00e1s\u201d, graficaron<\/p>\n\n\n\n<p>Con motivo de lo expuesto, la UOM hizo la presentaci\u00f3n en el Ministerio de trabajo de la Pvcia de Santa Fe &#8211; Delegaci\u00f3n Rosario -.<\/p>\n\n\n\n<p>Tal presentaci\u00f3n fue llevada a cabo por ello hoy apoderado del Gremio , Pablo Cerra , quien explic\u00f3 lo siguiente: \u201cEn el d\u00eda de hoy y siguiendo las instrucciones de la asamblea de trabajadores que realiz\u00f3 la UOM, se hizo la presentaci\u00f3n en el Ministerio de Trabajo, denunciado la situaci\u00f3n, advirtiendo la medida de los trabajadores y solicitando la urgente intervenci\u00f3n de la cartera laboral\u201d.<\/p>\n\n\n\n<p>Ya se dispuso una audiencia para el pr\u00f3ximo lunes 19 de Mayo pr\u00f3ximo a las 12:00 Hs. \u201cEsperemos la empresa revea su conducta, por qu\u00e9 la situaci\u00f3n es desesperante y puede afectar a toda la ciudad de Firmat\u201d, apunt\u00f3 Cerra.<\/p>\n","protected":false},"excerpt":{"rendered":"<p>Los trabajadores de la empresa de Cosechadoras Vasalli de la Ciudad de Firmat han decretado en asamblea hacer retenci\u00f3n de tareas con motivo del atraso salarial que \u201cviene sosteniendo la patronal, sumado a la falta de cobertura social debido a la retenci\u00f3n y falta de pago de los aportes correspondientes\u201d, se\u00f1alaron desde el gremio metal\u00fargico [&hellip;]<\/p>\n","protected":false},"author":5,"featured_media":14780,"comment_status":"closed","ping_status":"open","sticky":false,"template":"","format":"standard","meta":{"tdm_status":"","tdm_grid_status":"","footnotes":""},"categories":[13],"tags":[4454,3248,4453,4452,1780],"class_list":{"0":"post-14779","1":"post","2":"type-post","3":"status-publish","4":"format-standard","5":"has-post-thumbnail","7":"category-region","8":"tag-atraso-salarial","9":"tag-conflicto","10":"tag-cosechadoras-vasalli","11":"tag-firmat","12":"tag-uom"},"_links":{"self":[{"href":"https:\/\/www.noticiasmas.com.ar\/index.php\/wp-json\/wp\/v2\/posts\/14779","targetHints":{"allow":["GET"]}}],"collection":[{"href":"https:\/\/www.noticiasmas.com.ar\/index.php\/wp-json\/wp\/v2\/posts"}],"about":[{"href":"https:\/\/www.noticiasmas.com.ar\/index.php\/wp-json\/wp\/v2\/types\/post"}],"author":[{"embeddable":true,"href":"https:\/\/www.noticiasmas.com.ar\/index.php\/wp-json\/wp\/v2\/users\/5"}],"replies":[{"embeddable":true,"href":"https:\/\/www.noticiasmas.com.ar\/index.php\/wp-json\/wp\/v2\/comments?post=14779"}],"version-history":[{"count":1,"href":"https:\/\/www.noticiasmas.com.ar\/index.php\/wp-json\/wp\/v2\/posts\/14779\/revisions"}],"predecessor-version":[{"id":14781,"href":"https:\/\/www.noticiasmas.com.ar\/index.php\/wp-json\/wp\/v2\/posts\/14779\/revisions\/14781"}],"wp:featuredmedia":[{"embeddable":true,"href":"https:\/\/www.noticiasmas.com.ar\/index.php\/wp-json\/wp\/v2\/media\/14780"}],"wp:attachment":[{"href":"https:\/\/www.noticiasmas.com.ar\/index.php\/wp-json\/wp\/v2\/media?parent=14779"}],"wp:term":[{"taxonomy":"category","embeddable":true,"href":"https:\/\/www.noticiasmas.com.ar\/index.php\/wp-json\/wp\/v2\/categories?post=14779"},{"taxonomy":"post_tag","embeddable":true,"href":"https:\/\/www.noticiasmas.com.ar\/index.php\/wp-json\/wp\/v2\/tags?post=14779"}],"curies":[{"name":"wp","href":"https:\/\/api.w.org\/{rel}","templated":true}]}}