{"id":14809,"date":"2025-05-14T08:51:30","date_gmt":"2025-05-14T11:51:30","guid":{"rendered":"https:\/\/www.noticiasmas.com.ar\/?p=14809"},"modified":"2025-05-14T08:54:22","modified_gmt":"2025-05-14T11:54:22","slug":"un-hombre-condenado-por-violencia-de-genero-mato-a-su-ex-pareja-en-victoria","status":"publish","type":"post","link":"https:\/\/www.noticiasmas.com.ar\/index.php\/2025\/05\/14\/un-hombre-condenado-por-violencia-de-genero-mato-a-su-ex-pareja-en-victoria\/","title":{"rendered":"Un hombre condenado por violencia de g\u00e9nero mat\u00f3 a su ex pareja en Victoria"},"content":{"rendered":"\n<p>Este martes por la ma\u00f1ana, un hombre de 46 a\u00f1os de edad mat\u00f3 a su ex pareja en una vivienda de la localidad de Victoria, en la provincia de Entre R\u00edos. El agresor fue demorado pero primero hospitalizado, ya que intent\u00f3 quitarse la vida tras cometer el hecho.<\/p>\n\n\n\n<p>Todo ocurri\u00f3 en una vivienda de Liniers y Pringles alrededor de las 6:50 de la ma\u00f1ana, donde fue hallada la v\u00edctima fatal, Soledad Andino, de 41 a\u00f1os de edad, con el agresor, quien pese a que contaba con una restricci\u00f3n de acercamiento, se acerc\u00f3 de igual modo a la casa de su ex pareja y la asesin\u00f3 con un arma blanca.<\/p>\n\n\n\n<p>Las medidas restrictivas hab\u00edan sido dispuestas por la Justicia provincial el pasado 6 de mayo, cuando Albornoz fue condenado por ejercer violencia de g\u00e9nero contra Andino, una pena que fue de dos a\u00f1os y medio en suspenso.&nbsp;<\/p>\n\n\n\n<p>La v\u00edctima hab\u00eda denunciado al agresor entre noviembre y diciembre del a\u00f1o 2024, situaci\u00f3n que deriv\u00f3 en una causa judicial y que termin\u00f3 con una condena que no sirvi\u00f3 absolutamente para nada.<\/p>\n\n\n\n<p>Desde la Unidad Fiscal de Victoria, ante el hecho en cuesti\u00f3n, aseguraron que &#8220;dado que se trataba de su primera condena y que \u00e9l no ten\u00eda antecedentes penales, la pena de prisi\u00f3n fue de ejecuci\u00f3n condicional, imponi\u00e9ndosele medidas de protecci\u00f3n en favor de la v\u00edctima; como entrega de bot\u00f3n antip\u00e1nico y prohibici\u00f3n de todo tipo de contacto, m\u00e1s reglas de conductas, habiendo intervenido adem\u00e1s de la Fiscal\u00eda, el Juzgado de Familia y sus Equipos t\u00e9cnicos y de salud mental&#8221;.<\/p>\n\n\n\n<p>\u201cLa condena fue dictada en el marco de un proceso de juicio abreviado, llevado a cabo con el conocimiento y consentimiento de la v\u00edctima\u201d, agregaron.<\/p>\n","protected":false},"excerpt":{"rendered":"<p>Este martes por la ma\u00f1ana, un hombre de 46 a\u00f1os de edad mat\u00f3 a su ex pareja en una vivienda de la localidad de Victoria, en la provincia de Entre R\u00edos. El agresor fue demorado pero primero hospitalizado, ya que intent\u00f3 quitarse la vida tras cometer el hecho. Todo ocurri\u00f3 en una vivienda de Liniers [&hellip;]<\/p>\n","protected":false},"author":9,"featured_media":14810,"comment_status":"closed","ping_status":"open","sticky":false,"template":"","format":"standard","meta":{"tdm_status":"","tdm_grid_status":"","footnotes":""},"categories":[9],"tags":[1793,172,199,173],"class_list":{"0":"post-14809","1":"post","2":"type-post","3":"status-publish","4":"format-standard","5":"has-post-thumbnail","7":"category-policiales","8":"tag-entre-rios","9":"tag-policiales","10":"tag-victoria","11":"tag-violencia-de-genero"},"_links":{"self":[{"href":"https:\/\/www.noticiasmas.com.ar\/index.php\/wp-json\/wp\/v2\/posts\/14809","targetHints":{"allow":["GET"]}}],"collection":[{"href":"https:\/\/www.noticiasmas.com.ar\/index.php\/wp-json\/wp\/v2\/posts"}],"about":[{"href":"https:\/\/www.noticiasmas.com.ar\/index.php\/wp-json\/wp\/v2\/types\/post"}],"author":[{"embeddable":true,"href":"https:\/\/www.noticiasmas.com.ar\/index.php\/wp-json\/wp\/v2\/users\/9"}],"replies":[{"embeddable":true,"href":"https:\/\/www.noticiasmas.com.ar\/index.php\/wp-json\/wp\/v2\/comments?post=14809"}],"version-history":[{"count":2,"href":"https:\/\/www.noticiasmas.com.ar\/index.php\/wp-json\/wp\/v2\/posts\/14809\/revisions"}],"predecessor-version":[{"id":14813,"href":"https:\/\/www.noticiasmas.com.ar\/index.php\/wp-json\/wp\/v2\/posts\/14809\/revisions\/14813"}],"wp:featuredmedia":[{"embeddable":true,"href":"https:\/\/www.noticiasmas.com.ar\/index.php\/wp-json\/wp\/v2\/media\/14810"}],"wp:attachment":[{"href":"https:\/\/www.noticiasmas.com.ar\/index.php\/wp-json\/wp\/v2\/media?parent=14809"}],"wp:term":[{"taxonomy":"category","embeddable":true,"href":"https:\/\/www.noticiasmas.com.ar\/index.php\/wp-json\/wp\/v2\/categories?post=14809"},{"taxonomy":"post_tag","embeddable":true,"href":"https:\/\/www.noticiasmas.com.ar\/index.php\/wp-json\/wp\/v2\/tags?post=14809"}],"curies":[{"name":"wp","href":"https:\/\/api.w.org\/{rel}","templated":true}]}}