{"id":14822,"date":"2025-05-15T09:13:20","date_gmt":"2025-05-15T12:13:20","guid":{"rendered":"https:\/\/www.noticiasmas.com.ar\/?p=14822"},"modified":"2025-05-15T09:13:23","modified_gmt":"2025-05-15T12:13:23","slug":"paro-por-tiempo-indeterminado-de-la-uom-en-rio-grande-tras-anuncio-de-eliminacion-de-aranceles","status":"publish","type":"post","link":"https:\/\/www.noticiasmas.com.ar\/index.php\/2025\/05\/15\/paro-por-tiempo-indeterminado-de-la-uom-en-rio-grande-tras-anuncio-de-eliminacion-de-aranceles\/","title":{"rendered":"Paro por tiempo indeterminado de la UOM en R\u00edo Grande tras anuncio de eliminaci\u00f3n de aranceles"},"content":{"rendered":"\n<p>La seccional <strong>R\u00edo Grande de la Uni\u00f3n Obrera Metal\u00fargica (UOM)<\/strong> inici\u00f3 este mi\u00f3ercoles un paro total de actividades por tiempo indeterminado, en repudio al <strong>anuncio del gobierno nacional de eliminar los aranceles a la importaci\u00f3n de productos electr\u00f3nicos.<\/strong> La medida, seg\u00fan el gremio, representa un <strong>grave golpe para la industria fueguina y pone en riesgo miles de puestos de trabajo<\/strong>, m\u00e1s de 7000 en la provincia m\u00e1s austral del mundo.<\/p>\n\n\n\n<p>La decisi\u00f3n fue tomada por el Congreso de Delegadas y Delegados de la UOM local, que adem\u00e1s resolvi\u00f3 acompa\u00f1ar la huelga con una movilizaci\u00f3n en el centro de la ciudad de R\u00edo Grande, al norte de Tierra del Fuego.<\/p>\n\n\n\n<p>Desde el sindicato expresaron su \u201ctotal rechazo\u201d al anuncio realizado por el vocero presidencial, Manuel Adorni, y calificaron de \u201cprovocadoras\u201d las declaraciones de otros funcionarios nacionales que criticaron el r\u00e9gimen de promoci\u00f3n industrial vigente en la isla.<\/p>\n\n\n\n<p><strong>\u201cLa eliminaci\u00f3n de aranceles es un nuevo embate contra la industria nacional y los puestos de trabajo. Vamos a defender el derecho soberano a habitar Tierra del Fuego\u201d<\/strong>, afirmaron en un comunicado difundido este mi\u00e9rcoles.<\/p>\n\n\n\n<p>El gremio exigi\u00f3 una soluci\u00f3n \u201cfavorable y concreta\u201d que garantice la continuidad del r\u00e9gimen industrial y la estabilidad laboral de miles de familias fueguinas. Adem\u00e1s, reivindicaron la vigencia de la Ley 26.539, que desde 2009 establece aranceles a la importaci\u00f3n de ciertos productos electr\u00f3nicos con el objetivo de fomentar la producci\u00f3n local.<\/p>\n\n\n\n<p>\u201cEstamos ante una responsabilidad hist\u00f3rica. No permitiremos que m\u00e1s de 45 a\u00f1os de desarrollo y lucha en la isla se desmoronen por decisiones unilaterales que responden a intereses ajenos a nuestra comunidad\u201d, se\u00f1alaron desde la UOM fueguina.<\/p>\n\n\n\n<p>El sindicato tambi\u00e9n pidi\u00f3 definiciones tanto del Gobierno de Tierra del Fuego como del sector empresarial y del secretariado nacional de la UOM, y reafirm\u00f3 que el objetivo del paro es \u201cpreservar los puestos de trabajo, sostener la producci\u00f3n nacional y continuar habitando la provincia con dignidad\u201d.<\/p>\n","protected":false},"excerpt":{"rendered":"<p>La seccional R\u00edo Grande de la Uni\u00f3n Obrera Metal\u00fargica (UOM) inici\u00f3 este mi\u00f3ercoles un paro total de actividades por tiempo indeterminado, en repudio al anuncio del gobierno nacional de eliminar los aranceles a la importaci\u00f3n de productos electr\u00f3nicos. La medida, seg\u00fan el gremio, representa un grave golpe para la industria fueguina y pone en riesgo [&hellip;]<\/p>\n","protected":false},"author":9,"featured_media":14823,"comment_status":"closed","ping_status":"open","sticky":false,"template":"","format":"standard","meta":{"tdm_status":"","tdm_grid_status":"","footnotes":""},"categories":[1],"tags":[3189,218,2159,1780],"class_list":{"0":"post-14822","1":"post","2":"type-post","3":"status-publish","4":"format-standard","5":"has-post-thumbnail","7":"category-nacionales","8":"tag-aranceles","9":"tag-nacionales","10":"tag-tierra-del-fuego","11":"tag-uom"},"_links":{"self":[{"href":"https:\/\/www.noticiasmas.com.ar\/index.php\/wp-json\/wp\/v2\/posts\/14822","targetHints":{"allow":["GET"]}}],"collection":[{"href":"https:\/\/www.noticiasmas.com.ar\/index.php\/wp-json\/wp\/v2\/posts"}],"about":[{"href":"https:\/\/www.noticiasmas.com.ar\/index.php\/wp-json\/wp\/v2\/types\/post"}],"author":[{"embeddable":true,"href":"https:\/\/www.noticiasmas.com.ar\/index.php\/wp-json\/wp\/v2\/users\/9"}],"replies":[{"embeddable":true,"href":"https:\/\/www.noticiasmas.com.ar\/index.php\/wp-json\/wp\/v2\/comments?post=14822"}],"version-history":[{"count":1,"href":"https:\/\/www.noticiasmas.com.ar\/index.php\/wp-json\/wp\/v2\/posts\/14822\/revisions"}],"predecessor-version":[{"id":14824,"href":"https:\/\/www.noticiasmas.com.ar\/index.php\/wp-json\/wp\/v2\/posts\/14822\/revisions\/14824"}],"wp:featuredmedia":[{"embeddable":true,"href":"https:\/\/www.noticiasmas.com.ar\/index.php\/wp-json\/wp\/v2\/media\/14823"}],"wp:attachment":[{"href":"https:\/\/www.noticiasmas.com.ar\/index.php\/wp-json\/wp\/v2\/media?parent=14822"}],"wp:term":[{"taxonomy":"category","embeddable":true,"href":"https:\/\/www.noticiasmas.com.ar\/index.php\/wp-json\/wp\/v2\/categories?post=14822"},{"taxonomy":"post_tag","embeddable":true,"href":"https:\/\/www.noticiasmas.com.ar\/index.php\/wp-json\/wp\/v2\/tags?post=14822"}],"curies":[{"name":"wp","href":"https:\/\/api.w.org\/{rel}","templated":true}]}}