{"id":14828,"date":"2025-05-15T09:45:46","date_gmt":"2025-05-15T12:45:46","guid":{"rendered":"https:\/\/www.noticiasmas.com.ar\/?p=14828"},"modified":"2025-05-15T09:45:49","modified_gmt":"2025-05-15T12:45:49","slug":"vuelve-franco-colapinto-horarios-del-gran-premio-de-la-emilia-romagna-este-fin-de-semana","status":"publish","type":"post","link":"https:\/\/www.noticiasmas.com.ar\/index.php\/2025\/05\/15\/vuelve-franco-colapinto-horarios-del-gran-premio-de-la-emilia-romagna-este-fin-de-semana\/","title":{"rendered":"Vuelve Franco Colapinto: horarios del Gran Premio de la Emilia Romagna este fin de semana"},"content":{"rendered":"\n<p>Franco Colapinto har\u00e1 su debut en esta temporada de la F\u00f3rmula 1 este s\u00e1bado 17 y domingo 18 de mayo, en la disputa del Gran Premio de la Emilia Romagna en Imola.&nbsp;<\/p>\n\n\n\n<p>Colapinto estar\u00e1 en el segundo auto del equipo Alpine, al cual lleg\u00f3 este 2025 para ser piloto de reserva. Poco demor\u00f3 el argentino en lograr volver a ser titular, tambi\u00e9n ayudado por las decisiones directivas de la escuder\u00eda que defini\u00f3 sacar a Jack Doohan tras los malos resultados obtenidos (ning\u00fan punto en 6 carreras y 2 sprint).&nbsp;<\/p>\n\n\n\n<p>Un nuevo cap\u00edtulo de la historia de Colapinto en la m\u00e1xima categor\u00eda del automovilismo se empezar\u00e1 a escribir este fin de semana. El viernes 16 ser\u00e1n las primeras dos pr\u00e1cticas, mientras que el s\u00e1bado desde las 11 se correr\u00e1 la clasificaci\u00f3n.<\/p>\n\n\n\n<p>El domingo 18 de mayo, a las 10 hora argentina, se largar\u00e1 la carrera principal a 63 vueltas, con la expectativa puesta en que Colapinto sume el mejor resultado posible.&nbsp;<\/p>\n\n\n\n<p>Las expectativas de su nuevo equipo no difieren demasiado a las que hab\u00eda tenido Williams al momento de confiar en el argentino para que debute en la F\u00f3rmula 1. Alpine necesita ingresar en el lote de la lucha por el quinto puesto de constructores, pelea que tiene a los Haas, a los RB, y a Williams inclusive como s\u00f3lidos rivales.&nbsp;<\/p>\n\n\n\n<p>Por ello, claramente el objetivo ser\u00e1 ingresar en esos tres puntos que reparten los puestos 9 y 10 juntos, mientras que todo lo que sea por encima de esas posibilidades ser\u00e1 un \u00e9xito rotundo.<\/p>\n","protected":false},"excerpt":{"rendered":"<p>Franco Colapinto har\u00e1 su debut en esta temporada de la F\u00f3rmula 1 este s\u00e1bado 17 y domingo 18 de mayo, en la disputa del Gran Premio de la Emilia Romagna en Imola.&nbsp; Colapinto estar\u00e1 en el segundo auto del equipo Alpine, al cual lleg\u00f3 este 2025 para ser piloto de reserva. Poco demor\u00f3 el argentino [&hellip;]<\/p>\n","protected":false},"author":9,"featured_media":14829,"comment_status":"closed","ping_status":"open","sticky":false,"template":"","format":"standard","meta":{"tdm_status":"","tdm_grid_status":"","footnotes":""},"categories":[10],"tags":[305,1642,2517],"class_list":{"0":"post-14828","1":"post","2":"type-post","3":"status-publish","4":"format-standard","5":"has-post-thumbnail","7":"category-deportes","8":"tag-automovilismo","9":"tag-formula-1","10":"tag-franco-colapinto"},"_links":{"self":[{"href":"https:\/\/www.noticiasmas.com.ar\/index.php\/wp-json\/wp\/v2\/posts\/14828","targetHints":{"allow":["GET"]}}],"collection":[{"href":"https:\/\/www.noticiasmas.com.ar\/index.php\/wp-json\/wp\/v2\/posts"}],"about":[{"href":"https:\/\/www.noticiasmas.com.ar\/index.php\/wp-json\/wp\/v2\/types\/post"}],"author":[{"embeddable":true,"href":"https:\/\/www.noticiasmas.com.ar\/index.php\/wp-json\/wp\/v2\/users\/9"}],"replies":[{"embeddable":true,"href":"https:\/\/www.noticiasmas.com.ar\/index.php\/wp-json\/wp\/v2\/comments?post=14828"}],"version-history":[{"count":1,"href":"https:\/\/www.noticiasmas.com.ar\/index.php\/wp-json\/wp\/v2\/posts\/14828\/revisions"}],"predecessor-version":[{"id":14830,"href":"https:\/\/www.noticiasmas.com.ar\/index.php\/wp-json\/wp\/v2\/posts\/14828\/revisions\/14830"}],"wp:featuredmedia":[{"embeddable":true,"href":"https:\/\/www.noticiasmas.com.ar\/index.php\/wp-json\/wp\/v2\/media\/14829"}],"wp:attachment":[{"href":"https:\/\/www.noticiasmas.com.ar\/index.php\/wp-json\/wp\/v2\/media?parent=14828"}],"wp:term":[{"taxonomy":"category","embeddable":true,"href":"https:\/\/www.noticiasmas.com.ar\/index.php\/wp-json\/wp\/v2\/categories?post=14828"},{"taxonomy":"post_tag","embeddable":true,"href":"https:\/\/www.noticiasmas.com.ar\/index.php\/wp-json\/wp\/v2\/tags?post=14828"}],"curies":[{"name":"wp","href":"https:\/\/api.w.org\/{rel}","templated":true}]}}