{"id":14850,"date":"2025-05-15T20:22:55","date_gmt":"2025-05-15T23:22:55","guid":{"rendered":"https:\/\/www.noticiasmas.com.ar\/?p=14850"},"modified":"2025-05-15T20:22:58","modified_gmt":"2025-05-15T23:22:58","slug":"con-el-apoyo-de-la-fundacion-cargill-los-chicos-del-grupo-despertar-construyeron-su-propia-huerta","status":"publish","type":"post","link":"https:\/\/www.noticiasmas.com.ar\/index.php\/2025\/05\/15\/con-el-apoyo-de-la-fundacion-cargill-los-chicos-del-grupo-despertar-construyeron-su-propia-huerta\/","title":{"rendered":"Con el apoyo de la Fundaci\u00f3n Cargill, los chicos del Grupo Despertar construyeron su propia huerta"},"content":{"rendered":"\n<p>A partir de una gesti\u00f3n impulsada por el municipio de Puerto San Mart\u00edn, los chicos del Grupo Despertar con el apoyo de la Fundaci\u00f3n Cargill realizaron ayer una actividad vinculada a la construcci\u00f3n de una huerta propia en el predio del edificio donde funciona el centro de d\u00eda.<\/p>\n\n\n\n<p>Hubo una gran participaci\u00f3n donde personal de la empresa ubicada en Puerto, m\u00e1s de 20 integrantes, y los chicos del grupo pudieron trabajar en conjunto de manera integrada confeccionando la huerta, y disfrutando de una actividad inolvidable.<\/p>\n\n\n\n<p>En la primera jornada, prepararon seis cajones de madera para determinar la zona de sembrado, puntearon y limpiaron dos de ellos, luego sembraron lechuga, cebolla de verdeo, cebolla, repollo, zanahoria, y espinaca. Durante los pr\u00f3ximos d\u00edas las actividades continuar\u00e1n. &nbsp;<\/p>\n\n\n\n<p>El Gerente Cargill de Puerto, Ing. Diego Sartino manifest\u00f3 su satisfacci\u00f3n ante el compromiso de los j\u00f3venes del Grupo Despertar ante la actividad y agradeci\u00f3 a los responsables de la instituci\u00f3n y a los voluntarios de la empresa por sumarse a la iniciativa de crear esta huerta org\u00e1nica, y sumar aprendizajes.<\/p>\n\n\n\n<figure class=\"wp-block-image size-large\"><img loading=\"lazy\" decoding=\"async\" width=\"1024\" height=\"683\" src=\"https:\/\/www.noticiasmas.com.ar\/wp-content\/uploads\/2025\/05\/Huerta-Grupo-Despertar-1024x683.jpg\" alt=\"\" class=\"wp-image-14851\" srcset=\"https:\/\/www.noticiasmas.com.ar\/wp-content\/uploads\/2025\/05\/Huerta-Grupo-Despertar-1024x683.jpg 1024w, https:\/\/www.noticiasmas.com.ar\/wp-content\/uploads\/2025\/05\/Huerta-Grupo-Despertar-300x200.jpg 300w, https:\/\/www.noticiasmas.com.ar\/wp-content\/uploads\/2025\/05\/Huerta-Grupo-Despertar-768x512.jpg 768w, https:\/\/www.noticiasmas.com.ar\/wp-content\/uploads\/2025\/05\/Huerta-Grupo-Despertar-150x100.jpg 150w, https:\/\/www.noticiasmas.com.ar\/wp-content\/uploads\/2025\/05\/Huerta-Grupo-Despertar-696x464.jpg 696w, https:\/\/www.noticiasmas.com.ar\/wp-content\/uploads\/2025\/05\/Huerta-Grupo-Despertar-1068x712.jpg 1068w, https:\/\/www.noticiasmas.com.ar\/wp-content\/uploads\/2025\/05\/Huerta-Grupo-Despertar.jpg 1200w\" sizes=\"auto, (max-width: 1024px) 100vw, 1024px\" \/><\/figure>\n\n\n\n<p>El presidente del Concejo Municipal, Juan Manuel De Grandis, destac\u00f3 la jornada y en especial el acompa\u00f1amiento de la Fundaci\u00f3n Cargill para poder concretar esta actividad. \u201cSiempre la Fundaci\u00f3n ha ayudado, en pandemia colabor\u00f3 mucho con los merenderos, y estamos agradecidos con su apoyo permanente\u201d, destac\u00f3.<\/p>\n\n\n\n<p>El secretario de Desarrollo Social, Fernando Torrens, afirm\u00f3 que fue \u201cuna jornada muy constructiva y muy positiva\u201d. \u201cUna vez m\u00e1s tenemos este anhelo de la inclusi\u00f3n para los chicos, y estamos muy contentos con la Fundaci\u00f3n Gargill, proveniente de una empresa multinacional situada en Puerto San Mart\u00edn, que dio respuesta a un proyecto que nosotros le enviamos\u201d, explic\u00f3 Torrens.&nbsp;<\/p>\n","protected":false},"excerpt":{"rendered":"<p>A partir de una gesti\u00f3n impulsada por el municipio de Puerto San Mart\u00edn, los chicos del Grupo Despertar con el apoyo de la Fundaci\u00f3n Cargill realizaron ayer una actividad vinculada a la construcci\u00f3n de una huerta propia en el predio del edificio donde funciona el centro de d\u00eda. Hubo una gran participaci\u00f3n donde personal de [&hellip;]<\/p>\n","protected":false},"author":5,"featured_media":14852,"comment_status":"closed","ping_status":"open","sticky":false,"template":"","format":"standard","meta":{"tdm_status":"","tdm_grid_status":"","footnotes":""},"categories":[13],"tags":[4473,2913,4474,52],"class_list":{"0":"post-14850","1":"post","2":"type-post","3":"status-publish","4":"format-standard","5":"has-post-thumbnail","7":"category-region","8":"tag-fundacion-cargill","9":"tag-grupo-despertar","10":"tag-huerta","11":"tag-puerto-san-martin"},"_links":{"self":[{"href":"https:\/\/www.noticiasmas.com.ar\/index.php\/wp-json\/wp\/v2\/posts\/14850","targetHints":{"allow":["GET"]}}],"collection":[{"href":"https:\/\/www.noticiasmas.com.ar\/index.php\/wp-json\/wp\/v2\/posts"}],"about":[{"href":"https:\/\/www.noticiasmas.com.ar\/index.php\/wp-json\/wp\/v2\/types\/post"}],"author":[{"embeddable":true,"href":"https:\/\/www.noticiasmas.com.ar\/index.php\/wp-json\/wp\/v2\/users\/5"}],"replies":[{"embeddable":true,"href":"https:\/\/www.noticiasmas.com.ar\/index.php\/wp-json\/wp\/v2\/comments?post=14850"}],"version-history":[{"count":1,"href":"https:\/\/www.noticiasmas.com.ar\/index.php\/wp-json\/wp\/v2\/posts\/14850\/revisions"}],"predecessor-version":[{"id":14853,"href":"https:\/\/www.noticiasmas.com.ar\/index.php\/wp-json\/wp\/v2\/posts\/14850\/revisions\/14853"}],"wp:featuredmedia":[{"embeddable":true,"href":"https:\/\/www.noticiasmas.com.ar\/index.php\/wp-json\/wp\/v2\/media\/14852"}],"wp:attachment":[{"href":"https:\/\/www.noticiasmas.com.ar\/index.php\/wp-json\/wp\/v2\/media?parent=14850"}],"wp:term":[{"taxonomy":"category","embeddable":true,"href":"https:\/\/www.noticiasmas.com.ar\/index.php\/wp-json\/wp\/v2\/categories?post=14850"},{"taxonomy":"post_tag","embeddable":true,"href":"https:\/\/www.noticiasmas.com.ar\/index.php\/wp-json\/wp\/v2\/tags?post=14850"}],"curies":[{"name":"wp","href":"https:\/\/api.w.org\/{rel}","templated":true}]}}