{"id":15047,"date":"2025-05-26T21:08:24","date_gmt":"2025-05-27T00:08:24","guid":{"rendered":"https:\/\/www.noticiasmas.com.ar\/?p=15047"},"modified":"2025-05-26T21:08:27","modified_gmt":"2025-05-27T00:08:27","slug":"gremios-del-transporte-movilizan-este-martes-a-la-bolsa-de-comercio-junto-a-un-gran-apoyo-gremial-y-de-organizaciones-sociales","status":"publish","type":"post","link":"https:\/\/www.noticiasmas.com.ar\/index.php\/2025\/05\/26\/gremios-del-transporte-movilizan-este-martes-a-la-bolsa-de-comercio-junto-a-un-gran-apoyo-gremial-y-de-organizaciones-sociales\/","title":{"rendered":"GREMIOS DEL TRANSPORTE MOVILIZAN ESTE MARTES A LA BOLSA DE COMERCIO JUNTO A UN GRAN APOYO GREMIAL Y DE ORGANIZACIONES SOCIALES"},"content":{"rendered":"\n<p>Los gremios del transporte nucleados en la Confederaci\u00f3n Argentina de Trabajadores del Transporte (CATT ) -seccional Rosario \u2013 realizar\u00e1n una movida frente a la Bolsa de Comercio como repudio a los alcances del pol\u00e9mico Decreto 340\/202, que limita al m\u00e1ximo el derecho a huelga . Adem\u00e1s el espacio expres\u00f3 su solidaridad con los gremios mar\u00edtimos luego de las medidas de desregulaci\u00f3n impulsadas en el bolet\u00edn oficial bajo el t\u00edtulo \u201cBases para la desregulaci\u00f3n del sector del transporte fluvio \u2013 mar\u00edtimo y portuario\u201d.<\/p>\n\n\n\n<p>La concentraci\u00f3n frente a la Bolsa de Comercio de Rosario ser\u00e1 este martes 27 de mayo desde las 8 de la ma\u00f1ana. Ser\u00e1 acompa\u00f1ada por entidades gremiales locales ( ATE y CTA Rosario, Sindicato de cadetes, Aceiteros Rosario y se van sumando a la lista) y organizaciones pol\u00edticas y sociales como la CCC ; el Movimiento Evita y el ala gremial del PJ Rosario.<\/p>\n\n\n\n<p>El d\u00eda de la movilizaci\u00f3n gremial fue elegida teniendo en cuenta que en la Bolsa de Comercio local se desarrollar\u00e1 una actividad con el respaldo del Ministerio de Econom\u00eda de la Naci\u00f3n: Mesa de Di\u00e1logo Interdisciplinaria para el Desarrollo Fluvial de la V\u00eda Navegable Troncal. Dicho evento comenzar\u00e1 a las 10 horas.<\/p>\n\n\n\n<p>Estar\u00e1n el Director Ejecutivo de la Agencia Nacional de Puertos y Navegaci\u00f3n, I\u00f1aki Miguel Arreseygor. Asimismo se invit\u00f3 a funcionarios nacionales, provinciales y municipales, empresarios del sector. Por el ala gremial la invitaci\u00f3n se destin\u00f3 a Juan Carlos Schmid, Secretario General de la federaci\u00f3n Mar\u00edtima, Portuaria y de la Industria Naval de la Rep\u00fablica Argentina.<\/p>\n\n\n\n<p>En el evento se debatir\u00e1: Dise\u00f1os del canal y Aspectos T\u00e9cnicos y Tecnol\u00f3gicos de la V\u00eda navegable Troncal.<\/p>\n\n\n\n<p>Por lo pronto Edgardo Arrieta, secretario general de la CATT Rosario adelant\u00f3 que ese d\u00eda, \u201cse realizar\u00e1 un gran ruido\u201d. Adem\u00e1s aclar\u00f3 que la CATT ha declarado \u201cpersona no grata en la ciudad\u201d del Director Ejecutivo de la Agencia nacional de Puertos y navegaci\u00f3n, I\u00f1aki Miguel Arreseygor.<\/p>\n\n\n\n<p>\u201cRechazamos de plano esta pol\u00edtica que demuele el entramado normativo y operativo construido durante d\u00e9cadas a trav\u00e9s del esfuerzo de trabajadores que han sostenido con profesionalismo y compromiso un sector estrat\u00e9gico para el desarrollo del pa\u00eds\u201d, sostuvo el comunicado de la CATT.<\/p>\n\n\n\n<p>En la misma L\u00ednea, &#8220;manifestamos nuestro rechazo a las medidas de desregulaci\u00f3n en la industria aeron\u00e1utica nacional impulsada por la Secretaria de Transporte. Estas decisiones afectan directamente la seguridad operacional, debilitan los est\u00e1ndares que tanto ha costado alcanzar y facilitan el ingreso de operadores sin controles poniendo en riesgo miles de puestos de trabajo y el desarrollo estrat\u00e9gico del sistema aeron\u00e1utico argentino&#8221;.<\/p>\n\n\n\n<p>Por \u00faltimo destacar que el mismo martes 27 de mayo a las 10 horas se llevar\u00e1 cabo un Plenario de Secretarios generales y Cuerpo de Delegados en la Sede de CGT en Buenos Aires al efecto de \u201cir delineando una reacci\u00f3n sindical tanto en el plano judicial internacional y de acci\u00f3n\u201d.<\/p>\n\n\n\n<p>Voces Gremiales de Apoyo<\/p>\n\n\n\n<p>La secretaria general de la Asociaci\u00f3n Bancaria Rosario, Anal\u00eda Ratner indic\u00f3 sobre este tema que \u201clo que hace el gobierno con este decreto de querer cercenar el derecho a huelga que est\u00e1 establecido en nuestra propia Constituci\u00f3n Nacional es otro ataque directo a la clase trabajadora, a las instituciones y no es novedoso, ya lo han intentado hacer con el decreto 70\/23 donde en su momento la justicia declar\u00f3 a dicho decreto inconstitucional. Evidentemente debemos apelar a la justicia para frenar este nuevo decreto que ataca a la clase trabajadora\u201d.<\/p>\n\n\n\n<p>\u201cVamos a acompa\u00f1ar y apoyar a los compa\u00f1eros\u201d, dijo Lorena Almiron, Secretaria General de ATE Rosario.<\/p>\n\n\n\n<p>Asimismo, Sergio Rivolta, Titular de la Secretaria Gremial del PJ Rosario indic\u00f3 que, \u201csiguiendo con el pan de lucha de la CATT apoyamos esta nueva convocatoria siendo coherete en nuestra solidaridad en todos los conflictos gremiales debido a una pol\u00edtica nacional de ajuste y desprecio hacia los trabajadores\u201d.<\/p>\n\n\n\n<p>Julio Barroso, Secretario general de los Trabajadores Qu\u00edmicos de San Lorenzo dijo que, \u201cnos parece una locura, una humillaci\u00f3n a los trabajadores y a la soberan\u00eda nacional. Nos preocupa que los que siempre pregonan que es necesario que funcionen la instituciones o el apego a &#8220;las reglas de juego&#8221; no digan absolutamente nada ante una reforma constitucional por medio de decretos del poder ejecutivo, sin convocar a una Asamblea Constituyente\u201d.<\/p>\n\n\n\n<p>Entre los gremios de la CATT Rosario que avalan el repudio al decreto son: recolectores de Rosario, Camioneros de Santa Fe alineados a Hugo Moyano, Sindicato de Cadetes, Conductores Navales, Dragado y Balizamiento, entre tantos otros.<\/p>\n","protected":false},"excerpt":{"rendered":"<p>Los gremios del transporte nucleados en la Confederaci\u00f3n Argentina de Trabajadores del Transporte (CATT ) -seccional Rosario \u2013 realizar\u00e1n una movida frente a la Bolsa de Comercio como repudio a los alcances del pol\u00e9mico Decreto 340\/202, que limita al m\u00e1ximo el derecho a huelga . Adem\u00e1s el espacio expres\u00f3 su solidaridad con los gremios mar\u00edtimos [&hellip;]<\/p>\n","protected":false},"author":5,"featured_media":15048,"comment_status":"closed","ping_status":"open","sticky":false,"template":"","format":"standard","meta":{"tdm_status":"","tdm_grid_status":"","footnotes":""},"categories":[13],"tags":[2040,2214,4521,163],"class_list":{"0":"post-15047","1":"post","2":"type-post","3":"status-publish","4":"format-standard","5":"has-post-thumbnail","7":"category-region","8":"tag-bolsa-de-comercio-de-rosario","9":"tag-catt","10":"tag-decreto-340-2025","11":"tag-rosario"},"_links":{"self":[{"href":"https:\/\/www.noticiasmas.com.ar\/index.php\/wp-json\/wp\/v2\/posts\/15047","targetHints":{"allow":["GET"]}}],"collection":[{"href":"https:\/\/www.noticiasmas.com.ar\/index.php\/wp-json\/wp\/v2\/posts"}],"about":[{"href":"https:\/\/www.noticiasmas.com.ar\/index.php\/wp-json\/wp\/v2\/types\/post"}],"author":[{"embeddable":true,"href":"https:\/\/www.noticiasmas.com.ar\/index.php\/wp-json\/wp\/v2\/users\/5"}],"replies":[{"embeddable":true,"href":"https:\/\/www.noticiasmas.com.ar\/index.php\/wp-json\/wp\/v2\/comments?post=15047"}],"version-history":[{"count":1,"href":"https:\/\/www.noticiasmas.com.ar\/index.php\/wp-json\/wp\/v2\/posts\/15047\/revisions"}],"predecessor-version":[{"id":15049,"href":"https:\/\/www.noticiasmas.com.ar\/index.php\/wp-json\/wp\/v2\/posts\/15047\/revisions\/15049"}],"wp:featuredmedia":[{"embeddable":true,"href":"https:\/\/www.noticiasmas.com.ar\/index.php\/wp-json\/wp\/v2\/media\/15048"}],"wp:attachment":[{"href":"https:\/\/www.noticiasmas.com.ar\/index.php\/wp-json\/wp\/v2\/media?parent=15047"}],"wp:term":[{"taxonomy":"category","embeddable":true,"href":"https:\/\/www.noticiasmas.com.ar\/index.php\/wp-json\/wp\/v2\/categories?post=15047"},{"taxonomy":"post_tag","embeddable":true,"href":"https:\/\/www.noticiasmas.com.ar\/index.php\/wp-json\/wp\/v2\/tags?post=15047"}],"curies":[{"name":"wp","href":"https:\/\/api.w.org\/{rel}","templated":true}]}}