{"id":15125,"date":"2025-05-28T19:31:44","date_gmt":"2025-05-28T22:31:44","guid":{"rendered":"https:\/\/www.noticiasmas.com.ar\/?p=15125"},"modified":"2025-05-28T19:31:47","modified_gmt":"2025-05-28T22:31:47","slug":"los-maritimos-han-declarado-el-alerta-y-movilizacion-y-preparan-medidas-de-fuerza-en-junio","status":"publish","type":"post","link":"https:\/\/www.noticiasmas.com.ar\/index.php\/2025\/05\/28\/los-maritimos-han-declarado-el-alerta-y-movilizacion-y-preparan-medidas-de-fuerza-en-junio\/","title":{"rendered":"LOS MAR\u00cdTIMOS HAN DECLARADO EL ALERTA Y MOVILIZACI\u00d3N Y PREPARAN MEDIDAS DE FUERZA EN JUNIO"},"content":{"rendered":"\n<p>En el marco de la pol\u00edtica de desregulaci\u00f3n que inici\u00f3 el gobierno nacional en torno a la Marina Mercante Argentina, desde el gremio de Conductores Navales (Siconara) ha decretado el estado de alerta y movilizaci\u00f3n permanente y avisa que se inici\u00f3 un plan de lucha que podr\u00eda incluir medidas de fuerza escalonadas para el mes de junio con el objetivo de \u201cderrotar el plan de miseria y hambre ejecutado por el Poder Ejecutivo nacional\u201d, se\u00f1al\u00f3 el gremio en un comunicado<\/p>\n\n\n\n<p>La seccional local del Siconara conducida por Fernando Ramirez viene de una intensa jornada de lucha, ayer \u2013 martes- con protestas para repudiar la presencia de uno de los art\u00edfices del ilegal decreto 340 \/ 2025 \u201ca los fines de expresar su absoluto rechazo al inconstitucional decreto\u201d. Dijo Ramirez<\/p>\n\n\n\n<p>En tanto, el siconara nacional enrolado en la Federaci\u00f3n Sindical Mar\u00edtima y Fluvial (Fesimaf), fue parte del paro nacional de sectores mar\u00edtimos y portuarios que \u201cfue contundente en Rosario y regi\u00f3n\u201d, agreg\u00f3<\/p>\n\n\n\n<p>Ahora bien, el gremio local inform\u00f3 que miembros de la Comisi\u00f3n Directiva participaron activamente del Plenario de la Confederaci\u00f3n Argentina de Trabajadores del Transporte (CATT) realizado recientemente en el Sal\u00f3n Felipe Vallese de la Confederaci\u00f3n General del Trabajo (CGT).<\/p>\n\n\n\n<p>Como resultado del Plenario, adem\u00e1s de decretarse el Estado de Alerta y Movilizaci\u00f3n, se decidi\u00f3 llevar a cabo un plan de lucha<\/p>\n\n\n\n<p>El Secretario General del Siconara a nivel nacional , Mariano Vilar, se\u00f1al\u00f3 \u201cla importancia de la organizaci\u00f3n y la lucha colectiva para contrarrestar las pol\u00edticas empobrecedoras y entreguistas del gobierno de Javier Milei\u201d.<\/p>\n\n\n\n<p>\u201cDesde Siconara no estamos dispuestos a sacrificar ning\u00fan derecho ni tampoco aceptaremos la entrega de nuestra soberan\u00eda nacional. \u00a1Lucharemos hasta las \u00faltimas consecuencias\u201d, completaron desde el gremio mar\u00edtimo<\/p>\n","protected":false},"excerpt":{"rendered":"<p>En el marco de la pol\u00edtica de desregulaci\u00f3n que inici\u00f3 el gobierno nacional en torno a la Marina Mercante Argentina, desde el gremio de Conductores Navales (Siconara) ha decretado el estado de alerta y movilizaci\u00f3n permanente y avisa que se inici\u00f3 un plan de lucha que podr\u00eda incluir medidas de fuerza escalonadas para el mes [&hellip;]<\/p>\n","protected":false},"author":5,"featured_media":15126,"comment_status":"closed","ping_status":"open","sticky":false,"template":"","format":"standard","meta":{"tdm_status":"","tdm_grid_status":"","footnotes":""},"categories":[1],"tags":[3990,324,2214,330,3748,4308,2971],"class_list":{"0":"post-15125","1":"post","2":"type-post","3":"status-publish","4":"format-standard","5":"has-post-thumbnail","7":"category-nacionales","8":"tag-alerta-y-movilizacion","9":"tag-argentina","10":"tag-catt","11":"tag-cgt","12":"tag-fesimaf","13":"tag-marina-mercante","14":"tag-siconara"},"_links":{"self":[{"href":"https:\/\/www.noticiasmas.com.ar\/index.php\/wp-json\/wp\/v2\/posts\/15125","targetHints":{"allow":["GET"]}}],"collection":[{"href":"https:\/\/www.noticiasmas.com.ar\/index.php\/wp-json\/wp\/v2\/posts"}],"about":[{"href":"https:\/\/www.noticiasmas.com.ar\/index.php\/wp-json\/wp\/v2\/types\/post"}],"author":[{"embeddable":true,"href":"https:\/\/www.noticiasmas.com.ar\/index.php\/wp-json\/wp\/v2\/users\/5"}],"replies":[{"embeddable":true,"href":"https:\/\/www.noticiasmas.com.ar\/index.php\/wp-json\/wp\/v2\/comments?post=15125"}],"version-history":[{"count":1,"href":"https:\/\/www.noticiasmas.com.ar\/index.php\/wp-json\/wp\/v2\/posts\/15125\/revisions"}],"predecessor-version":[{"id":15127,"href":"https:\/\/www.noticiasmas.com.ar\/index.php\/wp-json\/wp\/v2\/posts\/15125\/revisions\/15127"}],"wp:featuredmedia":[{"embeddable":true,"href":"https:\/\/www.noticiasmas.com.ar\/index.php\/wp-json\/wp\/v2\/media\/15126"}],"wp:attachment":[{"href":"https:\/\/www.noticiasmas.com.ar\/index.php\/wp-json\/wp\/v2\/media?parent=15125"}],"wp:term":[{"taxonomy":"category","embeddable":true,"href":"https:\/\/www.noticiasmas.com.ar\/index.php\/wp-json\/wp\/v2\/categories?post=15125"},{"taxonomy":"post_tag","embeddable":true,"href":"https:\/\/www.noticiasmas.com.ar\/index.php\/wp-json\/wp\/v2\/tags?post=15125"}],"curies":[{"name":"wp","href":"https:\/\/api.w.org\/{rel}","templated":true}]}}