{"id":1513,"date":"2023-12-19T13:36:32","date_gmt":"2023-12-19T16:36:32","guid":{"rendered":"https:\/\/www.noticiasmas.com.ar\/?p=1513"},"modified":"2023-12-19T13:36:32","modified_gmt":"2023-12-19T16:36:32","slug":"sigue-creciendo-el-rio-parana-y-prefectura-san-lorenzo-emitio-una-serie-de-recomendaciones","status":"publish","type":"post","link":"https:\/\/www.noticiasmas.com.ar\/index.php\/2023\/12\/19\/sigue-creciendo-el-rio-parana-y-prefectura-san-lorenzo-emitio-una-serie-de-recomendaciones\/","title":{"rendered":"Sigue creciendo el r\u00edo Paran\u00e1 y Prefectura San Lorenzo emiti\u00f3 una serie de recomendaciones"},"content":{"rendered":"\n<p>La Prefectura San Lorenzo, lleva al conocimiento de la comunidad en general que debido a la creciente que se esta produciendo en todo el curso del R\u00edo Paran\u00e1 y habi\u00e9ndose registrado en el hidr\u00f3metro local una altura del R\u00edo Paran\u00e1 de 5,20 metros, donde las islas han perdido el perfil caracter\u00edstico de las costas, advirti\u00e9ndose la existencia de obst\u00e1culos como camalotes y restos de \u00e1rboles a la deriva.<\/p>\n\n\n\n<p>Por lo expuesto se recomienda navegar con precauci\u00f3n, mientras se mantenga este fen\u00f3meno h\u00eddrico en:<\/p>\n\n\n\n<ul class=\"wp-block-list\">\n<li>Prestar atenci\u00f3n, por la posible presencia de ofidios en lugares contiguos a la costa, evitando la presencia de menores en dichas zonas. Ante mordeduras dar inmediato aviso a los n\u00fameros de emergencia mencionados al final del presente, para su inmediata asistencia y traslado a un centro asistencial.<\/li>\n\n\n\n<li>Evite dejar solos a los ni\u00f1os, personas de avanzada edad, enfermas o con capacidades diferentes; dando prioridad a los mismos ante una evacuaci\u00f3n.<\/li>\n\n\n\n<li>Evite el contacto con animales, a fin de prevenir enfermedades zoon\u00f3ticas.<\/li>\n\n\n\n<li>Verificar siempre el pron\u00f3stico meteorol\u00f3gico previo a la zarpada. Evite exponerse a riesgos innecesarios (rotaci\u00f3n de vientos, corrientes, etc.).<\/li>\n\n\n\n<li>Navegar extremando las medidas de seguridad, debido a la existencia de raigones, troncos y camalotes que son derivados por la corriente y que pueden ocasionar un acaecimiento a la navegaci\u00f3n.<\/li>\n\n\n\n<li>Llevar todos los elementos de seguridad a bordo listos a utilizar en caso de contingencia.<\/li>\n\n\n\n<li>Las embarcaciones a motor que naveguen cerca de la costa, deber\u00e1n hacerlo a una velocidad reducida con el objeto de evitar el oleaje y el desborde costero, con el consiguiente peligro para los pobladores residentes en zonas de ribera.<\/li>\n\n\n\n<li>Usar siempre chaleco salvavidas y dem\u00e1s elementos de seguridad reglamentarios.<\/li>\n\n\n\n<li>Verificar que el casco no presente v\u00edas de aguas.<\/li>\n\n\n\n<li>Contar con remo adicional a bordo o cabo de rescate con salvavidas circular.<\/li>\n\n\n\n<li>Utilice en su equipo y vestimenta colores llamativos para facilitar la individualizaci\u00f3n en el medio en que se encuentre.<\/li>\n\n\n\n<li>Mantener durante la traves\u00eda referencias conocidas en la costa a fin de usarlas de ayuda como marcaciones al requerir asistencia.<br>Informe siempre sobre su salida, destino y ruta, tanto a familiares y\/o amigos como a la Autoridad Mar\u00edtima (Prefectura Naval Argentina).<\/li>\n\n\n\n<li>Navegar y Remar alejado de los buques.<\/li>\n\n\n\n<li>En caso de vuelco, nunca abandonar el kayak, ya que siempre posee reserva de flotabilidad.<\/li>\n<\/ul>\n\n\n\n<p>Para mayor informaci\u00f3n comunicarse con la PREFECTURA SAN LORENZO, tanto al Servicio de Emergencias N\u00e1uticas 106, como al tel\u00e9fono 3476\u2013422424 (de guardia las 24 horas) o por los canales 09 y 16 en VHF del Servicio M\u00f3vil Mar\u00edtimo (156.450, 156.800 Mhz), (Estaci\u00f3n Costera) L6K.<\/p>\n","protected":false},"excerpt":{"rendered":"<p>La Prefectura San Lorenzo, lleva al conocimiento de la comunidad en general que debido a la creciente que se esta produciendo en todo el curso del R\u00edo Paran\u00e1 y habi\u00e9ndose registrado en el hidr\u00f3metro local una altura del R\u00edo Paran\u00e1 de 5,20 metros, donde las islas han perdido el perfil caracter\u00edstico de las costas, advirti\u00e9ndose [&hellip;]<\/p>\n","protected":false},"author":3,"featured_media":1514,"comment_status":"closed","ping_status":"open","sticky":false,"template":"","format":"standard","meta":{"tdm_status":"","tdm_grid_status":"","footnotes":""},"categories":[13],"tags":[71,594,70],"class_list":{"0":"post-1513","1":"post","2":"type-post","3":"status-publish","4":"format-standard","5":"has-post-thumbnail","7":"category-region","8":"tag-prefectura-naval-argentina","9":"tag-recomendaciones","10":"tag-rio-parana"},"_links":{"self":[{"href":"https:\/\/www.noticiasmas.com.ar\/index.php\/wp-json\/wp\/v2\/posts\/1513","targetHints":{"allow":["GET"]}}],"collection":[{"href":"https:\/\/www.noticiasmas.com.ar\/index.php\/wp-json\/wp\/v2\/posts"}],"about":[{"href":"https:\/\/www.noticiasmas.com.ar\/index.php\/wp-json\/wp\/v2\/types\/post"}],"author":[{"embeddable":true,"href":"https:\/\/www.noticiasmas.com.ar\/index.php\/wp-json\/wp\/v2\/users\/3"}],"replies":[{"embeddable":true,"href":"https:\/\/www.noticiasmas.com.ar\/index.php\/wp-json\/wp\/v2\/comments?post=1513"}],"version-history":[{"count":2,"href":"https:\/\/www.noticiasmas.com.ar\/index.php\/wp-json\/wp\/v2\/posts\/1513\/revisions"}],"predecessor-version":[{"id":1516,"href":"https:\/\/www.noticiasmas.com.ar\/index.php\/wp-json\/wp\/v2\/posts\/1513\/revisions\/1516"}],"wp:featuredmedia":[{"embeddable":true,"href":"https:\/\/www.noticiasmas.com.ar\/index.php\/wp-json\/wp\/v2\/media\/1514"}],"wp:attachment":[{"href":"https:\/\/www.noticiasmas.com.ar\/index.php\/wp-json\/wp\/v2\/media?parent=1513"}],"wp:term":[{"taxonomy":"category","embeddable":true,"href":"https:\/\/www.noticiasmas.com.ar\/index.php\/wp-json\/wp\/v2\/categories?post=1513"},{"taxonomy":"post_tag","embeddable":true,"href":"https:\/\/www.noticiasmas.com.ar\/index.php\/wp-json\/wp\/v2\/tags?post=1513"}],"curies":[{"name":"wp","href":"https:\/\/api.w.org\/{rel}","templated":true}]}}