{"id":15172,"date":"2025-05-29T20:26:05","date_gmt":"2025-05-29T23:26:05","guid":{"rendered":"https:\/\/www.noticiasmas.com.ar\/?p=15172"},"modified":"2025-05-29T20:26:08","modified_gmt":"2025-05-29T23:26:08","slug":"gremio-de-la-sanidad-de-efectores-privados-se-ha-declarado-en-alerta-y-advierte-por-medidas-de-fuerza","status":"publish","type":"post","link":"https:\/\/www.noticiasmas.com.ar\/index.php\/2025\/05\/29\/gremio-de-la-sanidad-de-efectores-privados-se-ha-declarado-en-alerta-y-advierte-por-medidas-de-fuerza\/","title":{"rendered":"GREMIO DE LA SANIDAD DE EFECTORES PRIVADOS SE HA DECLARADO EN ALERTA Y ADVIERTE POR MEDIDAS DE FUERZA"},"content":{"rendered":"\n<p>Desde la Asociaci\u00f3n de Trabajadores de la Sanidad de Rosario y el sur provincial (Atsa Rosario), informaron en un comunicado que ante la falta de propuesta de las c\u00e1maras empresariales respecto a la recomposici\u00f3n salarial, se ha declarado un estado de alerta extensible a todos los trabajadores de la sanidad comprendidas en este sindicato.<\/p>\n\n\n\n<p>Recordemos que la entidad gremial nuclea trabajadores de sanatorios y cl\u00ednicas privadas (Enfermeros, mucamas, personal administrativo y t\u00e9cnico).<\/p>\n\n\n\n<p>En tal marco, se ha pasado para el pr\u00f3ximo 3 de junio la continuaci\u00f3n de la negociaci\u00f3n salarial. \u201cTenemos el compromiso de los empresarios para continuar la negociaci\u00f3n colectiva tendiente a mejorar el salario de todos los trabajadores, si este compromiso asumido no produce sus frutos, se profundizar\u00e1n las medidas con el objetivo de lograr una mejora salarial\u201d, se\u00f1al\u00f3 Javier Ojeda, Secretario General de Atsa Rosario<\/p>\n\n\n\n<p>\u201cConvocamos a todos los compa\u00f1eros de todas las instituciones a que propaguen este estado de alerta lanzado desde Atsa Rosario y que est\u00e9n pendientes de las medidas que se van a desarrollar si la negociaci\u00f3n colectiva fracasa\u201d, agreg\u00f3 el dirigente gremial<\/p>\n\n\n\n<p>\u201cQue sepan que donde haya un trabajador de la sanidad existe una fuerza que va a luchar por la dignidad de todos sus compa\u00f1eros\u201d, concluy\u00f3 .<\/p>\n","protected":false},"excerpt":{"rendered":"<p>Desde la Asociaci\u00f3n de Trabajadores de la Sanidad de Rosario y el sur provincial (Atsa Rosario), informaron en un comunicado que ante la falta de propuesta de las c\u00e1maras empresariales respecto a la recomposici\u00f3n salarial, se ha declarado un estado de alerta extensible a todos los trabajadores de la sanidad comprendidas en este sindicato. Recordemos [&hellip;]<\/p>\n","protected":false},"author":5,"featured_media":15173,"comment_status":"closed","ping_status":"open","sticky":false,"template":"","format":"standard","meta":{"tdm_status":"","tdm_grid_status":"","footnotes":""},"categories":[13],"tags":[1704,2893,163,1723,4568],"class_list":{"0":"post-15172","1":"post","2":"type-post","3":"status-publish","4":"format-standard","5":"has-post-thumbnail","7":"category-region","8":"tag-atsa","9":"tag-estado-de-alerta","10":"tag-rosario","11":"tag-sur-provincial","12":"tag-trabajadores-de-la-sanidad"},"_links":{"self":[{"href":"https:\/\/www.noticiasmas.com.ar\/index.php\/wp-json\/wp\/v2\/posts\/15172","targetHints":{"allow":["GET"]}}],"collection":[{"href":"https:\/\/www.noticiasmas.com.ar\/index.php\/wp-json\/wp\/v2\/posts"}],"about":[{"href":"https:\/\/www.noticiasmas.com.ar\/index.php\/wp-json\/wp\/v2\/types\/post"}],"author":[{"embeddable":true,"href":"https:\/\/www.noticiasmas.com.ar\/index.php\/wp-json\/wp\/v2\/users\/5"}],"replies":[{"embeddable":true,"href":"https:\/\/www.noticiasmas.com.ar\/index.php\/wp-json\/wp\/v2\/comments?post=15172"}],"version-history":[{"count":1,"href":"https:\/\/www.noticiasmas.com.ar\/index.php\/wp-json\/wp\/v2\/posts\/15172\/revisions"}],"predecessor-version":[{"id":15174,"href":"https:\/\/www.noticiasmas.com.ar\/index.php\/wp-json\/wp\/v2\/posts\/15172\/revisions\/15174"}],"wp:featuredmedia":[{"embeddable":true,"href":"https:\/\/www.noticiasmas.com.ar\/index.php\/wp-json\/wp\/v2\/media\/15173"}],"wp:attachment":[{"href":"https:\/\/www.noticiasmas.com.ar\/index.php\/wp-json\/wp\/v2\/media?parent=15172"}],"wp:term":[{"taxonomy":"category","embeddable":true,"href":"https:\/\/www.noticiasmas.com.ar\/index.php\/wp-json\/wp\/v2\/categories?post=15172"},{"taxonomy":"post_tag","embeddable":true,"href":"https:\/\/www.noticiasmas.com.ar\/index.php\/wp-json\/wp\/v2\/tags?post=15172"}],"curies":[{"name":"wp","href":"https:\/\/api.w.org\/{rel}","templated":true}]}}