{"id":15220,"date":"2025-06-02T08:12:41","date_gmt":"2025-06-02T11:12:41","guid":{"rendered":"https:\/\/www.noticiasmas.com.ar\/?p=15220"},"modified":"2025-06-02T08:12:45","modified_gmt":"2025-06-02T11:12:45","slug":"el-furor-por-el-padel-marco-un-record-de-publico-en-el-buenos-aires-p1-del-circuito-premier","status":"publish","type":"post","link":"https:\/\/www.noticiasmas.com.ar\/index.php\/2025\/06\/02\/el-furor-por-el-padel-marco-un-record-de-publico-en-el-buenos-aires-p1-del-circuito-premier\/","title":{"rendered":"El furor por el p\u00e1del marc\u00f3 un r\u00e9cord de p\u00fablico en el Buenos Aires P1 del circuito Premier"},"content":{"rendered":"\n<p>La jornada del s\u00e1bado 31 de mayo, en donde se disputaron las semifinales del torneo de Buenos Aires del circuito Premier Padel, tuvo un r\u00e9cord de p\u00fablico en la historia del deporte a nivel internacional.<\/p>\n\n\n\n<p>La jornada que tuvo la victoria de Agust\u00edn Tapia y Arturo Coello sobre Jer\u00f3nimo Gonz\u00e1lez y Jon Sanz, y de Lucas Bergamini con Paquito Navarro sobre Federico CHingotto y Alejandro Gal\u00e1n por abandono en los hombres, y de Ariana Sanchez y Paula Josemar\u00eda sobre Aranzaz\u00fa Osorio y Martina Calva, y de Beatriz Gonz\u00e1lez y Fernanda S\u00e1nchez sobre Gemma Triay y Delfina Brea, tuvo una asistencia de 16.156 personas en el Parque Roca de la Capital Federal, r\u00e9cord absoluto en la historia de este deporte.<\/p>\n\n\n\n<p>El mayor registro de p\u00fablico se hab\u00eda dado en el Palau Sant Jordi de Barcelona, durante la disputa del torneo Master Finals perteneciente al circuito extinto World Padel Tour en 2023.<\/p>\n\n\n\n<p>La explosi\u00f3n de personas jugando al padel en el pa\u00eds se logr\u00f3 traducir en asistencia a un torneo que comenz\u00f3 de menor a mayor, con dificultades organizativas y exceso en los precios de los alimentos dentro del predio, pero que cerr\u00f3 en l\u00edneas generales de la mejor manera.<\/p>\n\n\n\n<p>El certamen Premier Padel volvi\u00f3 a Buenos Aires luego de dos ediciones en Mendoza y Mar del Plata, donde el p\u00fablico acompa\u00f1\u00f3 con mucho entusiasmo. El a\u00f1o pasado, la Capital Federal no pudo albergar un segundo torneo en la temporada por faltas en la organizaci\u00f3n del promotor del evento.&nbsp;<\/p>\n\n\n\n<p>Pese a que Argentina es uno de los dos pa\u00edses, junto a Espa\u00f1a, con mayor tradici\u00f3n en este deporte, a\u00fan no se logr\u00f3 organizar m\u00e1s de un certamen en la misma temporada. Tras esta excelente respuesta del p\u00fablico, probablemente 2026 de uno o dos cupos m\u00e1s para que el pa\u00eds abarque m\u00e1s presencia en el circuito Premier.&nbsp;<\/p>\n","protected":false},"excerpt":{"rendered":"<p>La jornada del s\u00e1bado 31 de mayo, en donde se disputaron las semifinales del torneo de Buenos Aires del circuito Premier Padel, tuvo un r\u00e9cord de p\u00fablico en la historia del deporte a nivel internacional. La jornada que tuvo la victoria de Agust\u00edn Tapia y Arturo Coello sobre Jer\u00f3nimo Gonz\u00e1lez y Jon Sanz, y de [&hellip;]<\/p>\n","protected":false},"author":9,"featured_media":15221,"comment_status":"closed","ping_status":"open","sticky":false,"template":"","format":"standard","meta":{"tdm_status":"","tdm_grid_status":"","footnotes":""},"categories":[10],"tags":[765,28,3509,4589,635],"class_list":{"0":"post-15220","1":"post","2":"type-post","3":"status-publish","4":"format-standard","5":"has-post-thumbnail","7":"category-deportes","8":"tag-buenos-aires","9":"tag-deportes","10":"tag-padel-2","11":"tag-publico","12":"tag-record"},"_links":{"self":[{"href":"https:\/\/www.noticiasmas.com.ar\/index.php\/wp-json\/wp\/v2\/posts\/15220","targetHints":{"allow":["GET"]}}],"collection":[{"href":"https:\/\/www.noticiasmas.com.ar\/index.php\/wp-json\/wp\/v2\/posts"}],"about":[{"href":"https:\/\/www.noticiasmas.com.ar\/index.php\/wp-json\/wp\/v2\/types\/post"}],"author":[{"embeddable":true,"href":"https:\/\/www.noticiasmas.com.ar\/index.php\/wp-json\/wp\/v2\/users\/9"}],"replies":[{"embeddable":true,"href":"https:\/\/www.noticiasmas.com.ar\/index.php\/wp-json\/wp\/v2\/comments?post=15220"}],"version-history":[{"count":1,"href":"https:\/\/www.noticiasmas.com.ar\/index.php\/wp-json\/wp\/v2\/posts\/15220\/revisions"}],"predecessor-version":[{"id":15222,"href":"https:\/\/www.noticiasmas.com.ar\/index.php\/wp-json\/wp\/v2\/posts\/15220\/revisions\/15222"}],"wp:featuredmedia":[{"embeddable":true,"href":"https:\/\/www.noticiasmas.com.ar\/index.php\/wp-json\/wp\/v2\/media\/15221"}],"wp:attachment":[{"href":"https:\/\/www.noticiasmas.com.ar\/index.php\/wp-json\/wp\/v2\/media?parent=15220"}],"wp:term":[{"taxonomy":"category","embeddable":true,"href":"https:\/\/www.noticiasmas.com.ar\/index.php\/wp-json\/wp\/v2\/categories?post=15220"},{"taxonomy":"post_tag","embeddable":true,"href":"https:\/\/www.noticiasmas.com.ar\/index.php\/wp-json\/wp\/v2\/tags?post=15220"}],"curies":[{"name":"wp","href":"https:\/\/api.w.org\/{rel}","templated":true}]}}