{"id":15276,"date":"2025-06-03T22:06:33","date_gmt":"2025-06-04T01:06:33","guid":{"rendered":"https:\/\/www.noticiasmas.com.ar\/?p=15276"},"modified":"2025-06-03T22:06:36","modified_gmt":"2025-06-04T01:06:36","slug":"gremio-de-la-sanidad-comienza-con-asambleas-por-turno-y-profundiza-plan-de-lucha","status":"publish","type":"post","link":"https:\/\/www.noticiasmas.com.ar\/index.php\/2025\/06\/03\/gremio-de-la-sanidad-comienza-con-asambleas-por-turno-y-profundiza-plan-de-lucha\/","title":{"rendered":"GREMIO DE LA SANIDAD COMIENZA CON ASAMBLEAS POR TURNO Y PROFUNDIZA PLAN DE LUCHA"},"content":{"rendered":"\n<p>Desde la Asociaci\u00f3n de Trabajadores de la Sanidad de Rosario y el sur provincial (Atsa Rosario), se\u00f1alaron que fracas\u00f3 la reuni\u00f3n paritaria de este martes y en ese marco el gremio realizar\u00e1 asambleas en los lugares de trabajo. Son Trabajadores de Cl\u00ednicas y Sanatorios Privados de Rosario y Regi\u00f3n.<\/p>\n\n\n\n<p>Dichas asambleas ser\u00e1n este mi\u00e9rcoles, en cada turno, en las distintas cl\u00ednicas y sanatorios privados de Rosario y regi\u00f3n . Las mismas se realizan ante la falta de propuesta de las c\u00e1maras empresariales respecto a la recomposici\u00f3n salarial. \u201cNos encontramos con respuestas muy insensibles no atendiendo la situaci\u00f3n que est\u00e1n pasando los trabajadores&#8221;, se\u00f1al\u00f3 Javier Ojeda, secretario General de Atsa Rosario<\/p>\n\n\n\n<p>Recordemos que la entidad gremial nuclea trabajadores de sanatorios y cl\u00ednicas privadas (Enfermeros, mucamas, personal administrativo y t\u00e9cnico).<\/p>\n\n\n\n<p>Asimismo, el dirigente gremial adelant\u00f3 que se pondr\u00e1 en debate en las asambleas para decidir junto a los trabajadores un plan de lucha que incluir\u00eda retenci\u00f3n de mano de obra.<\/p>\n","protected":false},"excerpt":{"rendered":"<p>Desde la Asociaci\u00f3n de Trabajadores de la Sanidad de Rosario y el sur provincial (Atsa Rosario), se\u00f1alaron que fracas\u00f3 la reuni\u00f3n paritaria de este martes y en ese marco el gremio realizar\u00e1 asambleas en los lugares de trabajo. Son Trabajadores de Cl\u00ednicas y Sanatorios Privados de Rosario y Regi\u00f3n. Dichas asambleas ser\u00e1n este mi\u00e9rcoles, en [&hellip;]<\/p>\n","protected":false},"author":5,"featured_media":15277,"comment_status":"closed","ping_status":"open","sticky":false,"template":"","format":"standard","meta":{"tdm_status":"","tdm_grid_status":"","footnotes":""},"categories":[13],"tags":[1704,4600,347,163],"class_list":{"0":"post-15276","1":"post","2":"type-post","3":"status-publish","4":"format-standard","5":"has-post-thumbnail","7":"category-region","8":"tag-atsa","9":"tag-profundizan-plan-de-lucha","10":"tag-region","11":"tag-rosario"},"_links":{"self":[{"href":"https:\/\/www.noticiasmas.com.ar\/index.php\/wp-json\/wp\/v2\/posts\/15276","targetHints":{"allow":["GET"]}}],"collection":[{"href":"https:\/\/www.noticiasmas.com.ar\/index.php\/wp-json\/wp\/v2\/posts"}],"about":[{"href":"https:\/\/www.noticiasmas.com.ar\/index.php\/wp-json\/wp\/v2\/types\/post"}],"author":[{"embeddable":true,"href":"https:\/\/www.noticiasmas.com.ar\/index.php\/wp-json\/wp\/v2\/users\/5"}],"replies":[{"embeddable":true,"href":"https:\/\/www.noticiasmas.com.ar\/index.php\/wp-json\/wp\/v2\/comments?post=15276"}],"version-history":[{"count":1,"href":"https:\/\/www.noticiasmas.com.ar\/index.php\/wp-json\/wp\/v2\/posts\/15276\/revisions"}],"predecessor-version":[{"id":15278,"href":"https:\/\/www.noticiasmas.com.ar\/index.php\/wp-json\/wp\/v2\/posts\/15276\/revisions\/15278"}],"wp:featuredmedia":[{"embeddable":true,"href":"https:\/\/www.noticiasmas.com.ar\/index.php\/wp-json\/wp\/v2\/media\/15277"}],"wp:attachment":[{"href":"https:\/\/www.noticiasmas.com.ar\/index.php\/wp-json\/wp\/v2\/media?parent=15276"}],"wp:term":[{"taxonomy":"category","embeddable":true,"href":"https:\/\/www.noticiasmas.com.ar\/index.php\/wp-json\/wp\/v2\/categories?post=15276"},{"taxonomy":"post_tag","embeddable":true,"href":"https:\/\/www.noticiasmas.com.ar\/index.php\/wp-json\/wp\/v2\/tags?post=15276"}],"curies":[{"name":"wp","href":"https:\/\/api.w.org\/{rel}","templated":true}]}}