{"id":15279,"date":"2025-06-03T22:12:25","date_gmt":"2025-06-04T01:12:25","guid":{"rendered":"https:\/\/www.noticiasmas.com.ar\/?p=15279"},"modified":"2025-06-03T22:12:29","modified_gmt":"2025-06-04T01:12:29","slug":"judiciales-nacionales-realizaran-asambleas-con-apagon-informativo","status":"publish","type":"post","link":"https:\/\/www.noticiasmas.com.ar\/index.php\/2025\/06\/03\/judiciales-nacionales-realizaran-asambleas-con-apagon-informativo\/","title":{"rendered":"JUDICIALES NACIONALES REALIZAR\u00c1N ASAMBLEAS CON APAG\u00d3N INFORMATIVO"},"content":{"rendered":"\n<p>La Uni\u00f3n de Empleados de la Justicia de la Naci\u00f3n (UEJN), sigue en conflicto en el marco del pedido de un incremento salarial. En Rosario afectar\u00e1 atenci\u00f3n en Tribunales Federales de calle Oro\u00f1o y Entre R\u00edos, entre otras dependencias.<\/p>\n\n\n\n<p>El gremio a nivel nacional viene de hacer una reciente presentaci\u00f3n ante la Corte Suprema de Justicia de la Naci\u00f3n (CSJN) en la que solicit\u00f3 que se otorgue un incremento salarial del 10% para abril.<\/p>\n\n\n\n<p>Ahora bien, el plan de lucha se profundiza y este mi\u00e9rcoles habr\u00e1 asambleas de 10 a 11.30 horas con apag\u00f3n inform\u00e1tico. En Rosario afectar\u00e1 a los Tribunales Federales de calle Oro\u00f1o y Entre R\u00edos, entre otros<\/p>\n\n\n\n<p>En dichas asambleas el gremio pondr\u00e1 en debate la realizaci\u00f3n de un paro de actividades este pr\u00f3ximo viernes y un paro con movilizaci\u00f3n para el mi\u00e9rcoles de la semana que viene.<\/p>\n\n\n\n<p>Recordemos que seg\u00fan lo detallado por la organizaci\u00f3n gremial, el porcentaje solicitado al m\u00e1ximo tribunal tiene como parte un 2,8% de aumento para equiparar la inflaci\u00f3n del cuarto mes del presente a\u00f1o y un 7,2% para comenzar a recuperar lo perdido. Dicho 2, 8 % corresponde al mes de abril.<\/p>\n","protected":false},"excerpt":{"rendered":"<p>La Uni\u00f3n de Empleados de la Justicia de la Naci\u00f3n (UEJN), sigue en conflicto en el marco del pedido de un incremento salarial. En Rosario afectar\u00e1 atenci\u00f3n en Tribunales Federales de calle Oro\u00f1o y Entre R\u00edos, entre otras dependencias. El gremio a nivel nacional viene de hacer una reciente presentaci\u00f3n ante la Corte Suprema de [&hellip;]<\/p>\n","protected":false},"author":5,"featured_media":15280,"comment_status":"closed","ping_status":"open","sticky":false,"template":"","format":"standard","meta":{"tdm_status":"","tdm_grid_status":"","footnotes":""},"categories":[13],"tags":[4601,4602,163,4603],"class_list":{"0":"post-15279","1":"post","2":"type-post","3":"status-publish","4":"format-standard","5":"has-post-thumbnail","7":"category-region","8":"tag-apagon-informativo","9":"tag-judiciales-nacionales","10":"tag-rosario","11":"tag-tribunales-federales"},"_links":{"self":[{"href":"https:\/\/www.noticiasmas.com.ar\/index.php\/wp-json\/wp\/v2\/posts\/15279","targetHints":{"allow":["GET"]}}],"collection":[{"href":"https:\/\/www.noticiasmas.com.ar\/index.php\/wp-json\/wp\/v2\/posts"}],"about":[{"href":"https:\/\/www.noticiasmas.com.ar\/index.php\/wp-json\/wp\/v2\/types\/post"}],"author":[{"embeddable":true,"href":"https:\/\/www.noticiasmas.com.ar\/index.php\/wp-json\/wp\/v2\/users\/5"}],"replies":[{"embeddable":true,"href":"https:\/\/www.noticiasmas.com.ar\/index.php\/wp-json\/wp\/v2\/comments?post=15279"}],"version-history":[{"count":1,"href":"https:\/\/www.noticiasmas.com.ar\/index.php\/wp-json\/wp\/v2\/posts\/15279\/revisions"}],"predecessor-version":[{"id":15281,"href":"https:\/\/www.noticiasmas.com.ar\/index.php\/wp-json\/wp\/v2\/posts\/15279\/revisions\/15281"}],"wp:featuredmedia":[{"embeddable":true,"href":"https:\/\/www.noticiasmas.com.ar\/index.php\/wp-json\/wp\/v2\/media\/15280"}],"wp:attachment":[{"href":"https:\/\/www.noticiasmas.com.ar\/index.php\/wp-json\/wp\/v2\/media?parent=15279"}],"wp:term":[{"taxonomy":"category","embeddable":true,"href":"https:\/\/www.noticiasmas.com.ar\/index.php\/wp-json\/wp\/v2\/categories?post=15279"},{"taxonomy":"post_tag","embeddable":true,"href":"https:\/\/www.noticiasmas.com.ar\/index.php\/wp-json\/wp\/v2\/tags?post=15279"}],"curies":[{"name":"wp","href":"https:\/\/api.w.org\/{rel}","templated":true}]}}