{"id":15326,"date":"2025-06-04T20:54:14","date_gmt":"2025-06-04T23:54:14","guid":{"rendered":"https:\/\/www.noticiasmas.com.ar\/?p=15326"},"modified":"2025-06-04T20:54:18","modified_gmt":"2025-06-04T23:54:18","slug":"gran-abanico-de-gremios-maritimos-y-fluviales-llevaron-la-campana-de-concientizacion-sobre-la-importancia-de-la-marina-mercante-a-puerto-general-san-martin","status":"publish","type":"post","link":"https:\/\/www.noticiasmas.com.ar\/index.php\/2025\/06\/04\/gran-abanico-de-gremios-maritimos-y-fluviales-llevaron-la-campana-de-concientizacion-sobre-la-importancia-de-la-marina-mercante-a-puerto-general-san-martin\/","title":{"rendered":"GRAN ABANICO DE GREMIOS MAR\u00cdTIMOS Y FLUVIALES LLEVARON LA CAMPA\u00d1A DE CONCIENTIZACI\u00d3N SOBRE LA IMPORTANCIA DE LA MARINA MERCANTE A PUERTO GENERAL SAN MART\u00cdN"},"content":{"rendered":"\n<p>Gremios Mar\u00edtimos y fluviales siguen llevando adelante distintas actividades en pos de dar marcha atr\u00e1s con el decreto 340\/2025 que impuls\u00f3 el gobierno nacional y que comprende la desregulaci\u00f3n del transporte por agua y del sector pesquero.<\/p>\n\n\n\n<p>En ese marco, se desarroll\u00f3 \u2013 este mi\u00e9rcoles- una campa\u00f1a de concientizaci\u00f3n en la localidad de Puerto General San Mart\u00edn que incluy\u00f3 un acto en Punta Quebracho de dicha localidad santafesina.<\/p>\n\n\n\n<p>\u201cLogramos llegar con nuestra campa\u00f1a de concientizaci\u00f3n y volantes a los vecinos\u201d, destac\u00f3 el secretario general santafesino del gremio de la Marina Mercante, Marcelo Zabala.<\/p>\n\n\n\n<p>Las organizaciones sindicales presentes fueron la AAEMM, Centro de Patrones, Conductores Navales, el SOMU que \u201cvenimos trabajando de manera conjunta en defensa de nuestra Marina Mercante\u201d, agreg\u00f3 Zabala.<\/p>\n\n\n\n<p>Por lo pronto, las entidades gremiales volvieron a alertar que el decreto 340\/2025 que \u201cpretende implementar este gobierno dejar\u00e1 sin empleo a m\u00e1s de 20.000 trabajadores de manera directa y aproximadamente 6000 de forma indirecta\u201d, indicaron los gremios.<\/p>\n\n\n\n<p>En la actividad de la localidad muy cercana a Rosario fueron parte el intendente local, Carlos Alberto De Grandis, tambi\u00e9n diputados y concejales \u201cdonde pudimos explicarles la delicada situaci\u00f3n que se viene padeciendo\u201d, y en ese sentido, \u201clos mismos se pusieron a disposici\u00f3n para trabajar la problem\u00e1tica en reuniones que iremos programando\u201d, indic\u00f3 Zabala.<\/p>\n\n\n\n<p>\u201cLa sociedad informada debe estar informada que sin Marina Mercante no hay soberan\u00eda posible\u201d, culmin\u00f3 el dirigente gremial.<\/p>\n","protected":false},"excerpt":{"rendered":"<p>Gremios Mar\u00edtimos y fluviales siguen llevando adelante distintas actividades en pos de dar marcha atr\u00e1s con el decreto 340\/2025 que impuls\u00f3 el gobierno nacional y que comprende la desregulaci\u00f3n del transporte por agua y del sector pesquero. En ese marco, se desarroll\u00f3 \u2013 este mi\u00e9rcoles- una campa\u00f1a de concientizaci\u00f3n en la localidad de Puerto General [&hellip;]<\/p>\n","protected":false},"author":5,"featured_media":15327,"comment_status":"closed","ping_status":"open","sticky":false,"template":"","format":"standard","meta":{"tdm_status":"","tdm_grid_status":"","footnotes":""},"categories":[13],"tags":[3334,4308,52,2374],"class_list":{"0":"post-15326","1":"post","2":"type-post","3":"status-publish","4":"format-standard","5":"has-post-thumbnail","7":"category-region","8":"tag-jornada-de-concientizacion","9":"tag-marina-mercante","10":"tag-puerto-san-martin","11":"tag-punta-quebracho"},"_links":{"self":[{"href":"https:\/\/www.noticiasmas.com.ar\/index.php\/wp-json\/wp\/v2\/posts\/15326","targetHints":{"allow":["GET"]}}],"collection":[{"href":"https:\/\/www.noticiasmas.com.ar\/index.php\/wp-json\/wp\/v2\/posts"}],"about":[{"href":"https:\/\/www.noticiasmas.com.ar\/index.php\/wp-json\/wp\/v2\/types\/post"}],"author":[{"embeddable":true,"href":"https:\/\/www.noticiasmas.com.ar\/index.php\/wp-json\/wp\/v2\/users\/5"}],"replies":[{"embeddable":true,"href":"https:\/\/www.noticiasmas.com.ar\/index.php\/wp-json\/wp\/v2\/comments?post=15326"}],"version-history":[{"count":1,"href":"https:\/\/www.noticiasmas.com.ar\/index.php\/wp-json\/wp\/v2\/posts\/15326\/revisions"}],"predecessor-version":[{"id":15328,"href":"https:\/\/www.noticiasmas.com.ar\/index.php\/wp-json\/wp\/v2\/posts\/15326\/revisions\/15328"}],"wp:featuredmedia":[{"embeddable":true,"href":"https:\/\/www.noticiasmas.com.ar\/index.php\/wp-json\/wp\/v2\/media\/15327"}],"wp:attachment":[{"href":"https:\/\/www.noticiasmas.com.ar\/index.php\/wp-json\/wp\/v2\/media?parent=15326"}],"wp:term":[{"taxonomy":"category","embeddable":true,"href":"https:\/\/www.noticiasmas.com.ar\/index.php\/wp-json\/wp\/v2\/categories?post=15326"},{"taxonomy":"post_tag","embeddable":true,"href":"https:\/\/www.noticiasmas.com.ar\/index.php\/wp-json\/wp\/v2\/tags?post=15326"}],"curies":[{"name":"wp","href":"https:\/\/api.w.org\/{rel}","templated":true}]}}