{"id":15347,"date":"2025-06-06T09:53:43","date_gmt":"2025-06-06T12:53:43","guid":{"rendered":"https:\/\/www.noticiasmas.com.ar\/?p=15347"},"modified":"2025-06-06T09:53:46","modified_gmt":"2025-06-06T12:53:46","slug":"la-defensoria-de-ninos-y-ninas-de-santa-fe-sostiene-que-la-sancion-a-los-chicos-de-newells-es-inadmisible","status":"publish","type":"post","link":"https:\/\/www.noticiasmas.com.ar\/index.php\/2025\/06\/06\/la-defensoria-de-ninos-y-ninas-de-santa-fe-sostiene-que-la-sancion-a-los-chicos-de-newells-es-inadmisible\/","title":{"rendered":"La Defensor\u00eda de Ni\u00f1os y Ni\u00f1as de Santa Fe sostiene que la sanci\u00f3n a los chicos de Newell\u2019s es \u201cinadmisible\u201d"},"content":{"rendered":"\n<p>La Defensor\u00eda del Pueblo y la Defensor\u00eda de Ni\u00f1as, Ni\u00f1os y Adolescentes de la provincia de Santa Fe expresaron \u201csu profunda preocupaci\u00f3n por la sanci\u00f3n impuesta a chicos de un club rosarino por tomarse una foto con un jugador rival\u201d.<\/p>\n\n\n\n<p>Luego de que el caso escal\u00f3 a nivel nacional, ambas instituciones encargadas de proteger los derechos de las personas emitieron un comunicado donde se\u00f1alan que la sanci\u00f3n aplicada por la coordinaci\u00f3n de la Escuela de F\u00fatbol Malvinas Argentinas de Newell\u2019s \u201ccontravienen el marco normativo vigente en nuestro pa\u00eds, como la Ley Nacional 26.061 de Protecci\u00f3n Integral de los Derechos de Ni\u00f1as, Ni\u00f1os y Adolescentes y la Ley Provincial 12.967, que garantizan el acceso al deporte como un derecho fundamental que el Estado debe asegurar en todos sus niveles\u201d.<\/p>\n\n\n\n<p>Por el momento, y pese a todo el revuelo ocurrido durante la \u00faltima semana, la sanci\u00f3n persiste y en tanto y cuando el mismo presidente del club, Ignacio Astore, no reuna a las partes, continuar\u00e1.&nbsp;<\/p>\n\n\n\n<p>\u201cEl rol de los clubes e instituciones deportivas \u2014con los que se viene articulando de manera sostenida\u2014 es clave en la promoci\u00f3n de derechos y en la construcci\u00f3n de entornos seguros para las infancias. A la luz de estos tiempos y del nuevo paradigma que considera a las ni\u00f1as y ni\u00f1os como sujetos plenos de derechos, resultan inadmisibles las medidas de disciplinamiento o castigo que atenten contra su dignidad, bienestar o desarrollo integral\u201d, agregaron desde las defensor\u00edas.<\/p>\n","protected":false},"excerpt":{"rendered":"<p>La Defensor\u00eda del Pueblo y la Defensor\u00eda de Ni\u00f1as, Ni\u00f1os y Adolescentes de la provincia de Santa Fe expresaron \u201csu profunda preocupaci\u00f3n por la sanci\u00f3n impuesta a chicos de un club rosarino por tomarse una foto con un jugador rival\u201d. Luego de que el caso escal\u00f3 a nivel nacional, ambas instituciones encargadas de proteger los [&hellip;]<\/p>\n","protected":false},"author":9,"featured_media":15348,"comment_status":"closed","ping_status":"open","sticky":false,"template":"","format":"standard","meta":{"tdm_status":"","tdm_grid_status":"","footnotes":""},"categories":[10],"tags":[562,46,132,163,95,3452],"class_list":{"0":"post-15347","1":"post","2":"type-post","3":"status-publish","4":"format-standard","5":"has-post-thumbnail","7":"category-deportes","8":"tag-defensoria-del-pueblo","9":"tag-futbol","10":"tag-newells","11":"tag-rosario","12":"tag-rosario-central","13":"tag-sancion"},"_links":{"self":[{"href":"https:\/\/www.noticiasmas.com.ar\/index.php\/wp-json\/wp\/v2\/posts\/15347","targetHints":{"allow":["GET"]}}],"collection":[{"href":"https:\/\/www.noticiasmas.com.ar\/index.php\/wp-json\/wp\/v2\/posts"}],"about":[{"href":"https:\/\/www.noticiasmas.com.ar\/index.php\/wp-json\/wp\/v2\/types\/post"}],"author":[{"embeddable":true,"href":"https:\/\/www.noticiasmas.com.ar\/index.php\/wp-json\/wp\/v2\/users\/9"}],"replies":[{"embeddable":true,"href":"https:\/\/www.noticiasmas.com.ar\/index.php\/wp-json\/wp\/v2\/comments?post=15347"}],"version-history":[{"count":1,"href":"https:\/\/www.noticiasmas.com.ar\/index.php\/wp-json\/wp\/v2\/posts\/15347\/revisions"}],"predecessor-version":[{"id":15349,"href":"https:\/\/www.noticiasmas.com.ar\/index.php\/wp-json\/wp\/v2\/posts\/15347\/revisions\/15349"}],"wp:featuredmedia":[{"embeddable":true,"href":"https:\/\/www.noticiasmas.com.ar\/index.php\/wp-json\/wp\/v2\/media\/15348"}],"wp:attachment":[{"href":"https:\/\/www.noticiasmas.com.ar\/index.php\/wp-json\/wp\/v2\/media?parent=15347"}],"wp:term":[{"taxonomy":"category","embeddable":true,"href":"https:\/\/www.noticiasmas.com.ar\/index.php\/wp-json\/wp\/v2\/categories?post=15347"},{"taxonomy":"post_tag","embeddable":true,"href":"https:\/\/www.noticiasmas.com.ar\/index.php\/wp-json\/wp\/v2\/tags?post=15347"}],"curies":[{"name":"wp","href":"https:\/\/api.w.org\/{rel}","templated":true}]}}