{"id":15394,"date":"2025-06-07T19:01:38","date_gmt":"2025-06-07T22:01:38","guid":{"rendered":"https:\/\/www.noticiasmas.com.ar\/?p=15394"},"modified":"2025-06-07T19:01:41","modified_gmt":"2025-06-07T22:01:41","slug":"organizaciones-sindicales-y-sociales-crearon-un-frente-multisectorial-y-movilizan-el-proximo-25-de-junio","status":"publish","type":"post","link":"https:\/\/www.noticiasmas.com.ar\/index.php\/2025\/06\/07\/organizaciones-sindicales-y-sociales-crearon-un-frente-multisectorial-y-movilizan-el-proximo-25-de-junio\/","title":{"rendered":"ORGANIZACIONES SINDICALES Y SOCIALES CREARON UN FRENTE MULTISECTORIAL Y MOVILIZAN EL PR\u00d3XIMO 25 DE JUNIO"},"content":{"rendered":"\n<p>Con un fuerte mensaje de unidad y lucha, federaciones y sindicatos del transporte, organizaciones sociales y gremios de diversos sectores conformaron un frente multisectorial en rechazo a las pol\u00edticas impulsadas por el Gobierno nacional, particularmente contra el DNU 340\/2025 y el plan de desregulaci\u00f3n encabezado por Federico Sturzenegger.<\/p>\n\n\n\n<p>La presentaci\u00f3n del nuevo espacio \u2014denominado \u201cFrente de Lucha por la Soberan\u00eda, el Trabajo Digno y los Salarios Justos\u201d\u2014 se realiz\u00f3 en la sede de la Federaci\u00f3n Mar\u00edtima Portuaria y de la Industria Naval de la Rep\u00fablica Argentina (FeMPINRA), en el marco del plan de acci\u00f3n definido en el Plenario Nacional de la Confederaci\u00f3n Argentina de Trabajadores del Transporte (CATT). Son parte del nuevo espacio gremios mar\u00edtimo, fluviales y portuarios de Rosario y regi\u00f3n nucleados en la CATT local.<\/p>\n\n\n\n<p>Como primera acci\u00f3n conjunta, el frente convoc\u00f3 a una movilizaci\u00f3n el mi\u00e9rcoles 25 de junio frente al Ministerio de Desregulaci\u00f3n y Transformaci\u00f3n del Estado, para manifestar el rechazo a las medidas que, denuncian, \u201cdestruyen derechos, debilitan la negociaci\u00f3n colectiva y afectan \u00e1reas estrat\u00e9gicas como salud, educaci\u00f3n, ciencia, infraestructura y el sistema productivo nacional\u201d.<\/p>\n\n\n\n<p>UNIDAD ANTE EL AJUSTE<\/p>\n\n\n\n<p>Desde el sector del transporte, se calific\u00f3 el plan de desregulaci\u00f3n como \u201ccriminal\u201d, y se subray\u00f3 la necesidad de construir una respuesta unificada que supere las divisiones sectoriales y convoque a todos los trabajadores y trabajadoras afectados por el ajuste.<\/p>\n\n\n\n<p>Durante el encuentro se crearon dos comisiones de trabajo: una para la organizaci\u00f3n de la movilizaci\u00f3n, y otra para redactar un documento que convocar\u00e1 a m\u00e1s gremios y organizaciones a sumarse al frente, fortaleciendo la resistencia contra las pol\u00edticas del Poder Ejecutivo.<\/p>\n\n\n\n<p>Desde el flamante frente advirtieron que esta es solo la primera de una serie de acciones que buscar\u00e1n frenar el avance del modelo de ajuste y exclusi\u00f3n, reafirmando su compromiso con la soberan\u00eda nacional, el trabajo digno y la justicia social.<\/p>\n","protected":false},"excerpt":{"rendered":"<p>Con un fuerte mensaje de unidad y lucha, federaciones y sindicatos del transporte, organizaciones sociales y gremios de diversos sectores conformaron un frente multisectorial en rechazo a las pol\u00edticas impulsadas por el Gobierno nacional, particularmente contra el DNU 340\/2025 y el plan de desregulaci\u00f3n encabezado por Federico Sturzenegger. La presentaci\u00f3n del nuevo espacio \u2014denominado \u201cFrente [&hellip;]<\/p>\n","protected":false},"author":5,"featured_media":15395,"comment_status":"closed","ping_status":"open","sticky":false,"template":"","format":"standard","meta":{"tdm_status":"","tdm_grid_status":"","footnotes":""},"categories":[1],"tags":[4640,324,4639,4308,898],"class_list":{"0":"post-15394","1":"post","2":"type-post","3":"status-publish","4":"format-standard","5":"has-post-thumbnail","7":"category-nacionales","8":"tag-25-de-junio","9":"tag-argentina","10":"tag-frente-multisectorial","11":"tag-marina-mercante","12":"tag-movilizacion-2"},"_links":{"self":[{"href":"https:\/\/www.noticiasmas.com.ar\/index.php\/wp-json\/wp\/v2\/posts\/15394","targetHints":{"allow":["GET"]}}],"collection":[{"href":"https:\/\/www.noticiasmas.com.ar\/index.php\/wp-json\/wp\/v2\/posts"}],"about":[{"href":"https:\/\/www.noticiasmas.com.ar\/index.php\/wp-json\/wp\/v2\/types\/post"}],"author":[{"embeddable":true,"href":"https:\/\/www.noticiasmas.com.ar\/index.php\/wp-json\/wp\/v2\/users\/5"}],"replies":[{"embeddable":true,"href":"https:\/\/www.noticiasmas.com.ar\/index.php\/wp-json\/wp\/v2\/comments?post=15394"}],"version-history":[{"count":1,"href":"https:\/\/www.noticiasmas.com.ar\/index.php\/wp-json\/wp\/v2\/posts\/15394\/revisions"}],"predecessor-version":[{"id":15396,"href":"https:\/\/www.noticiasmas.com.ar\/index.php\/wp-json\/wp\/v2\/posts\/15394\/revisions\/15396"}],"wp:featuredmedia":[{"embeddable":true,"href":"https:\/\/www.noticiasmas.com.ar\/index.php\/wp-json\/wp\/v2\/media\/15395"}],"wp:attachment":[{"href":"https:\/\/www.noticiasmas.com.ar\/index.php\/wp-json\/wp\/v2\/media?parent=15394"}],"wp:term":[{"taxonomy":"category","embeddable":true,"href":"https:\/\/www.noticiasmas.com.ar\/index.php\/wp-json\/wp\/v2\/categories?post=15394"},{"taxonomy":"post_tag","embeddable":true,"href":"https:\/\/www.noticiasmas.com.ar\/index.php\/wp-json\/wp\/v2\/tags?post=15394"}],"curies":[{"name":"wp","href":"https:\/\/api.w.org\/{rel}","templated":true}]}}