{"id":15416,"date":"2025-06-09T10:16:18","date_gmt":"2025-06-09T13:16:18","guid":{"rendered":"https:\/\/www.noticiasmas.com.ar\/?p=15416"},"modified":"2025-06-09T10:16:21","modified_gmt":"2025-06-09T13:16:21","slug":"la-ciudad-amanecio-gris-pero-se-espera-que-las-condiciones-mejoren","status":"publish","type":"post","link":"https:\/\/www.noticiasmas.com.ar\/index.php\/2025\/06\/09\/la-ciudad-amanecio-gris-pero-se-espera-que-las-condiciones-mejoren\/","title":{"rendered":"La ciudad amaneci\u00f3 gris pero se espera que las condiciones mejoren"},"content":{"rendered":"\n<p>La ma\u00f1ana de este lunes 9 de junio ofreci\u00f3 poco para ver, ya que la visibilidad fue reducida inclusive dentro del ejido urbano de San Lorenzo y las localidades del Cord\u00f3n Industrial producto de la intensa neblina que se suscit\u00f3.<\/p>\n\n\n\n<p>La visibilidad a duras penas super\u00f3 los 200 metros dentro de los l\u00edmites urbanos, mientras que en las rutas fue un tanto m\u00e1s reducida.&nbsp;<\/p>\n\n\n\n<p>El Servicio Meteorol\u00f3gico Nacional anunci\u00f3 una jornada nublada y gris en el comienzo de esta semana, aunque se espera que para el martes el sol se haga m\u00e1s presente y predomine en las ma\u00f1anas de la regi\u00f3n.&nbsp;<\/p>\n\n\n\n<p>Las temperaturas no superar\u00e1n los 17\u00b0 de m\u00e1xima, mientras que la m\u00ednima ir\u00e1 creciendo entrada la semana.&nbsp;<\/p>\n\n\n\n<p>S\u00ed se esperan lluvias para el fin de semana, tanto para el viernes como para el s\u00e1bado.<\/p>\n","protected":false},"excerpt":{"rendered":"<p>La ma\u00f1ana de este lunes 9 de junio ofreci\u00f3 poco para ver, ya que la visibilidad fue reducida inclusive dentro del ejido urbano de San Lorenzo y las localidades del Cord\u00f3n Industrial producto de la intensa neblina que se suscit\u00f3. La visibilidad a duras penas super\u00f3 los 200 metros dentro de los l\u00edmites urbanos, mientras [&hellip;]<\/p>\n","protected":false},"author":9,"featured_media":15417,"comment_status":"closed","ping_status":"open","sticky":false,"template":"","format":"standard","meta":{"tdm_status":"","tdm_grid_status":"","footnotes":""},"categories":[13],"tags":[138,58,715,479],"class_list":{"0":"post-15416","1":"post","2":"type-post","3":"status-publish","4":"format-standard","5":"has-post-thumbnail","7":"category-region","8":"tag-clima","9":"tag-san-lorenzo","10":"tag-temperatura","11":"tag-tiempo"},"_links":{"self":[{"href":"https:\/\/www.noticiasmas.com.ar\/index.php\/wp-json\/wp\/v2\/posts\/15416","targetHints":{"allow":["GET"]}}],"collection":[{"href":"https:\/\/www.noticiasmas.com.ar\/index.php\/wp-json\/wp\/v2\/posts"}],"about":[{"href":"https:\/\/www.noticiasmas.com.ar\/index.php\/wp-json\/wp\/v2\/types\/post"}],"author":[{"embeddable":true,"href":"https:\/\/www.noticiasmas.com.ar\/index.php\/wp-json\/wp\/v2\/users\/9"}],"replies":[{"embeddable":true,"href":"https:\/\/www.noticiasmas.com.ar\/index.php\/wp-json\/wp\/v2\/comments?post=15416"}],"version-history":[{"count":1,"href":"https:\/\/www.noticiasmas.com.ar\/index.php\/wp-json\/wp\/v2\/posts\/15416\/revisions"}],"predecessor-version":[{"id":15418,"href":"https:\/\/www.noticiasmas.com.ar\/index.php\/wp-json\/wp\/v2\/posts\/15416\/revisions\/15418"}],"wp:featuredmedia":[{"embeddable":true,"href":"https:\/\/www.noticiasmas.com.ar\/index.php\/wp-json\/wp\/v2\/media\/15417"}],"wp:attachment":[{"href":"https:\/\/www.noticiasmas.com.ar\/index.php\/wp-json\/wp\/v2\/media?parent=15416"}],"wp:term":[{"taxonomy":"category","embeddable":true,"href":"https:\/\/www.noticiasmas.com.ar\/index.php\/wp-json\/wp\/v2\/categories?post=15416"},{"taxonomy":"post_tag","embeddable":true,"href":"https:\/\/www.noticiasmas.com.ar\/index.php\/wp-json\/wp\/v2\/tags?post=15416"}],"curies":[{"name":"wp","href":"https:\/\/api.w.org\/{rel}","templated":true}]}}