{"id":15428,"date":"2025-06-09T11:03:41","date_gmt":"2025-06-09T14:03:41","guid":{"rendered":"https:\/\/www.noticiasmas.com.ar\/?p=15428"},"modified":"2025-06-09T11:03:44","modified_gmt":"2025-06-09T14:03:44","slug":"ventas-minoristas-pymes-cayeron-29-en-mayo-y-persiste-la-cautela-en-el-sector","status":"publish","type":"post","link":"https:\/\/www.noticiasmas.com.ar\/index.php\/2025\/06\/09\/ventas-minoristas-pymes-cayeron-29-en-mayo-y-persiste-la-cautela-en-el-sector\/","title":{"rendered":"Ventas minoristas pymes cayeron 2,9% en mayo y persiste la cautela en el sector"},"content":{"rendered":"\n<p>Las ventas minoristas de las peque\u00f1as y medianas empresas registraron en mayo una ca\u00edda del 2,9% interanual a precios constantes, seg\u00fan un relevamiento realizado por la Confederaci\u00f3n Argentina de la Mediana Empresa (CAME). En la comparaci\u00f3n mensual desestacionalizada, tambi\u00e9n se observ\u00f3 una baja del 0,7% frente a abril. A pesar de esta retracci\u00f3n, el acumulado del a\u00f1o muestra un crecimiento del 11% respecto al mismo per\u00edodo de 2024.<\/p>\n\n\n\n<p>El informe se\u00f1ala que, en los \u00faltimos meses, la actividad comercial mostr\u00f3 signos de desaceleraci\u00f3n, en un contexto marcado por la menor disponibilidad de recursos, ajustes de precios y mayores exigencias operativas. En mayo se not\u00f3 una tendencia hacia compras m\u00e1s moderadas, menor circulaci\u00f3n en los centros comerciales y una creciente competencia tanto con canales online como con el comercio informal.<\/p>\n\n\n\n<p>En el an\u00e1lisis por rubros, s\u00f3lo dos de los siete sectores relevados mostraron crecimiento interanual: Perfumer\u00eda, con un alza del 5,2%, y Farmacia, con un 1,5%. En cambio, Alimentos y bebidas sufri\u00f3 una ca\u00edda del 7,6%, seguido por Ferreter\u00eda y materiales de construcci\u00f3n (-2,6%), Textil e indumentaria (-1,6%) y Calzado y marroquiner\u00eda (-0,5%). El rubro Bazar, decoraci\u00f3n, textiles para el hogar y muebles se mantuvo sin variaciones significativas respecto a 2024.<\/p>\n\n\n\n<p>Respecto al panorama empresarial, el 58,3% de las pymes indic\u00f3 que su situaci\u00f3n econ\u00f3mica se mantiene similar a la del a\u00f1o anterior, mientras que un 28% dijo estar peor. S\u00f3lo el 13,6% manifest\u00f3 una mejora.<\/p>\n\n\n\n<p>En cuanto a las expectativas, el 49,2% de los encuestados conf\u00eda en que su situaci\u00f3n econ\u00f3mica mejorar\u00e1 dentro de un a\u00f1o, frente a un 9,3% que proyecta un empeoramiento. Sin embargo, la mayor\u00eda (55,9%) considera que no es un buen momento para realizar inversiones, mientras que s\u00f3lo el 14,4% tiene una visi\u00f3n m\u00e1s favorable.<\/p>\n\n\n\n<p>El comercio minorista contin\u00faa operando en un escenario de cautela, con m\u00e1rgenes estrechos, dificultades para sostener la rentabilidad y un consumo selectivo, afectado por la ca\u00edda del poder adquisitivo, la falta de cr\u00e9dito y la competencia informal. A pesar de estrategias como promociones, ventas online y financiamiento, muchos comercios recurren a liquidaciones anticipadas o reducen inversiones ante la persistente incertidumbre.<\/p>\n\n\n\n<p>Sin embargo, algunos sectores logran estabilizarse o mejorar puntualmente a partir de acciones digitales y de fidelizaci\u00f3n. El sector comercial en su conjunto aguarda se\u00f1ales de mayor previsibilidad y medidas concretas que impulsen la demanda.<\/p>\n","protected":false},"excerpt":{"rendered":"<p>Las ventas minoristas de las peque\u00f1as y medianas empresas registraron en mayo una ca\u00edda del 2,9% interanual a precios constantes, seg\u00fan un relevamiento realizado por la Confederaci\u00f3n Argentina de la Mediana Empresa (CAME). En la comparaci\u00f3n mensual desestacionalizada, tambi\u00e9n se observ\u00f3 una baja del 0,7% frente a abril. A pesar de esta retracci\u00f3n, el acumulado [&hellip;]<\/p>\n","protected":false},"author":9,"featured_media":15429,"comment_status":"closed","ping_status":"open","sticky":false,"template":"","format":"standard","meta":{"tdm_status":"","tdm_grid_status":"","footnotes":""},"categories":[2],"tags":[423,104,218],"class_list":{"0":"post-15428","1":"post","2":"type-post","3":"status-publish","4":"format-standard","5":"has-post-thumbnail","7":"category-economia","8":"tag-came","9":"tag-economia","10":"tag-nacionales"},"_links":{"self":[{"href":"https:\/\/www.noticiasmas.com.ar\/index.php\/wp-json\/wp\/v2\/posts\/15428","targetHints":{"allow":["GET"]}}],"collection":[{"href":"https:\/\/www.noticiasmas.com.ar\/index.php\/wp-json\/wp\/v2\/posts"}],"about":[{"href":"https:\/\/www.noticiasmas.com.ar\/index.php\/wp-json\/wp\/v2\/types\/post"}],"author":[{"embeddable":true,"href":"https:\/\/www.noticiasmas.com.ar\/index.php\/wp-json\/wp\/v2\/users\/9"}],"replies":[{"embeddable":true,"href":"https:\/\/www.noticiasmas.com.ar\/index.php\/wp-json\/wp\/v2\/comments?post=15428"}],"version-history":[{"count":1,"href":"https:\/\/www.noticiasmas.com.ar\/index.php\/wp-json\/wp\/v2\/posts\/15428\/revisions"}],"predecessor-version":[{"id":15430,"href":"https:\/\/www.noticiasmas.com.ar\/index.php\/wp-json\/wp\/v2\/posts\/15428\/revisions\/15430"}],"wp:featuredmedia":[{"embeddable":true,"href":"https:\/\/www.noticiasmas.com.ar\/index.php\/wp-json\/wp\/v2\/media\/15429"}],"wp:attachment":[{"href":"https:\/\/www.noticiasmas.com.ar\/index.php\/wp-json\/wp\/v2\/media?parent=15428"}],"wp:term":[{"taxonomy":"category","embeddable":true,"href":"https:\/\/www.noticiasmas.com.ar\/index.php\/wp-json\/wp\/v2\/categories?post=15428"},{"taxonomy":"post_tag","embeddable":true,"href":"https:\/\/www.noticiasmas.com.ar\/index.php\/wp-json\/wp\/v2\/tags?post=15428"}],"curies":[{"name":"wp","href":"https:\/\/api.w.org\/{rel}","templated":true}]}}