{"id":15466,"date":"2025-06-10T10:07:14","date_gmt":"2025-06-10T13:07:14","guid":{"rendered":"https:\/\/www.noticiasmas.com.ar\/?p=15466"},"modified":"2025-06-10T10:07:17","modified_gmt":"2025-06-10T13:07:17","slug":"ladron-de-cereal-quedo-detenido-en-puerto-san-martin","status":"publish","type":"post","link":"https:\/\/www.noticiasmas.com.ar\/index.php\/2025\/06\/10\/ladron-de-cereal-quedo-detenido-en-puerto-san-martin\/","title":{"rendered":"Ladr\u00f3n de cereal qued\u00f3 detenido en Puerto San Mart\u00edn"},"content":{"rendered":"\n<p>Un hombre de 28 a\u00f1os de edad fue demorado por personal policial cuando se encontraba trasladando cereal derramado a la vera del camino en Puerto General San Mart\u00edn.<\/p>\n\n\n\n<p>El episodio ocurri\u00f3 cerca de las 20:05 en la intersecci\u00f3n de las calles Rosario, entre Moreno y Am\u00e9rica, cuando agentes del Comando Radioel\u00e9ctrico de la Unidad Regional XVII observaron a un individuo cargando soja desde la calzada hacia un carro enganchado a una motocicleta.<\/p>\n\n\n\n<p>Seg\u00fan indicaron fuentes policiales, el cereal podr\u00eda haber sido derramado a ra\u00edz de un hecho ocurrido horas antes, cuando un cami\u00f3n habr\u00eda sufrido la apertura intencional de su boquilla, provocando la p\u00e9rdida de su carga. Por este motivo, se procedi\u00f3 a indagar sobre la procedencia y el destino del cereal, ante la sospecha de una posible conexi\u00f3n con el hecho delictivo original.<\/p>\n\n\n\n<p>El hombre, domiciliado en Puerto San Mart\u00edn, fue trasladado a sede policial para su identificaci\u00f3n. En el lugar se secuestr\u00f3 una bolsa tipo arpillera con soja, una motocicleta marca Guerrero 110 y un carro con enganche.<\/p>\n\n\n\n<p><\/p>\n\n\n\n<p><\/p>\n","protected":false},"excerpt":{"rendered":"<p>Un hombre de 28 a\u00f1os de edad fue demorado por personal policial cuando se encontraba trasladando cereal derramado a la vera del camino en Puerto General San Mart\u00edn. El episodio ocurri\u00f3 cerca de las 20:05 en la intersecci\u00f3n de las calles Rosario, entre Moreno y Am\u00e9rica, cuando agentes del Comando Radioel\u00e9ctrico de la Unidad Regional [&hellip;]<\/p>\n","protected":false},"author":9,"featured_media":15467,"comment_status":"closed","ping_status":"open","sticky":false,"template":"","format":"standard","meta":{"tdm_status":"","tdm_grid_status":"","footnotes":""},"categories":[9],"tags":[110,172,2266],"class_list":{"0":"post-15466","1":"post","2":"type-post","3":"status-publish","4":"format-standard","5":"has-post-thumbnail","7":"category-policiales","8":"tag-detenido","9":"tag-policiales","10":"tag-puerto-general-san-martin-2"},"_links":{"self":[{"href":"https:\/\/www.noticiasmas.com.ar\/index.php\/wp-json\/wp\/v2\/posts\/15466","targetHints":{"allow":["GET"]}}],"collection":[{"href":"https:\/\/www.noticiasmas.com.ar\/index.php\/wp-json\/wp\/v2\/posts"}],"about":[{"href":"https:\/\/www.noticiasmas.com.ar\/index.php\/wp-json\/wp\/v2\/types\/post"}],"author":[{"embeddable":true,"href":"https:\/\/www.noticiasmas.com.ar\/index.php\/wp-json\/wp\/v2\/users\/9"}],"replies":[{"embeddable":true,"href":"https:\/\/www.noticiasmas.com.ar\/index.php\/wp-json\/wp\/v2\/comments?post=15466"}],"version-history":[{"count":1,"href":"https:\/\/www.noticiasmas.com.ar\/index.php\/wp-json\/wp\/v2\/posts\/15466\/revisions"}],"predecessor-version":[{"id":15468,"href":"https:\/\/www.noticiasmas.com.ar\/index.php\/wp-json\/wp\/v2\/posts\/15466\/revisions\/15468"}],"wp:featuredmedia":[{"embeddable":true,"href":"https:\/\/www.noticiasmas.com.ar\/index.php\/wp-json\/wp\/v2\/media\/15467"}],"wp:attachment":[{"href":"https:\/\/www.noticiasmas.com.ar\/index.php\/wp-json\/wp\/v2\/media?parent=15466"}],"wp:term":[{"taxonomy":"category","embeddable":true,"href":"https:\/\/www.noticiasmas.com.ar\/index.php\/wp-json\/wp\/v2\/categories?post=15466"},{"taxonomy":"post_tag","embeddable":true,"href":"https:\/\/www.noticiasmas.com.ar\/index.php\/wp-json\/wp\/v2\/tags?post=15466"}],"curies":[{"name":"wp","href":"https:\/\/api.w.org\/{rel}","templated":true}]}}