{"id":15491,"date":"2025-06-11T10:56:52","date_gmt":"2025-06-11T13:56:52","guid":{"rendered":"https:\/\/www.noticiasmas.com.ar\/?p=15491"},"modified":"2025-06-11T10:56:55","modified_gmt":"2025-06-11T13:56:55","slug":"conoce-la-grilla-de-actividades-de-la-expo-carreras-del-centro-cultura-de-san-lorenzo","status":"publish","type":"post","link":"https:\/\/www.noticiasmas.com.ar\/index.php\/2025\/06\/11\/conoce-la-grilla-de-actividades-de-la-expo-carreras-del-centro-cultura-de-san-lorenzo\/","title":{"rendered":"Conoc\u00e9 la grilla de actividades de la Expo Carreras del Centro Cultura de San Lorenzo"},"content":{"rendered":"\n<p>El jueves 19 de junio, en el Centro Cultural, tendr\u00e1 lugar una nueva edici\u00f3n de la Expo Carreras, muestra en la que se expondr\u00e1 toda la oferta acad\u00e9mica de la regi\u00f3n. La actividad de inter\u00e9s educativo es organizada por la Secretar\u00eda de Coordinaci\u00f3n General de la Municipalidad de San Lorenzo.<\/p>\n\n\n\n<p>Durante la jornada, que se extender\u00e1 de 8.30 a 13 h, habr\u00e1 unos 20 stands correspondientes a institutos terciarios y universidades -p\u00fablicas y privadas- del sur santafesino, que en diferentes formatos expondr\u00e1n toda su oferta educativa.<\/p>\n\n\n\n<p>Tambi\u00e9n se desarrollar\u00e1 un ciclo de charlas a cargo de acad\u00e9micos y profesionales que abordar\u00e1n diferentes tem\u00e1ticas vinculadas con distintas carreras. Asimismo, se brindar\u00e1 asesoramiento personalizado y se presentar\u00e1 el programa de becas de la Universidad Nacional de Rosario.<\/p>\n\n\n\n<p>La actividad tiene como objetivo brindar orientaci\u00f3n a todas las personas con ganas de encarar estudios superiores.<\/p>\n\n\n\n<p>\u201c\u00bfTermin\u00e1s el cole y no sab\u00e9s qu\u00e9 estudiar? Ven\u00ed a descubrir tu vocaci\u00f3n en el evento educativo m\u00e1s completo de la regi\u00f3n. Entr\u00e1 con dudas; sal\u00ed con tu futuro m\u00e1s claro\u201d, invitaron desde la Municipalidad.<\/p>\n\n\n\n<p><strong>Grilla de actividades<br><\/strong>10 h, Teatro Aldo Braga: charla \u201c\u00bfHay qu\u00edmica en la Nasa?\u201d, a cargo de la ingeniera Ver\u00f3nica Gladine, directora de la carrera de Ingenier\u00eda Qu\u00edmica de la UCA.<\/p>\n\n\n\n<p>10.30 h, Teatro Aldo Braga: charla \u201cIA: Inteligencia Arquitect\u00f3nica\u201d, a cargo del arquitecto Gabriel Stivala, director de la carrera de Arquitectura de la UCSF.<\/p>\n\n\n\n<p>11 h, Teatro Aldo Braga: charla \u201cEstudi\u00e1 en la Austral, la Universidad #1 de Argentina\u201d, a cargo de Marcos Maldonado de la Universidad Austral.<\/p>\n\n\n\n<p>11.30 h, Teatro Aldo Braga: presentaci\u00f3n del Programa de Becas de la Universidad Nacional de Rosario e ingreso a la vida universitaria, a cargo de Patricia Giacomozzi y Laura Fern\u00e1ndez, de la UNR.<\/p>\n\n\n\n<p>12 h, patio del Centro Cultural: intervenci\u00f3n cultural y musical.<\/p>\n\n\n\n<p>12.30 h, Teatro Aldo Braga: presentaci\u00f3n de estudiantes de la UTN ganadores del concurso Innovar Ilan con el dise\u00f1o de un prototipo de pr\u00f3tesis de pierna para amputados con manejo de movimiento por medio de se\u00f1ales electromiogr\u00e1ficas. A cargo de Juan Cruz Petazzi Cardetti, Santino Jorge Ripacolli Fuentes y Virginia Moreno.<\/p>\n\n\n\n<p><\/p>\n","protected":false},"excerpt":{"rendered":"<p>El jueves 19 de junio, en el Centro Cultural, tendr\u00e1 lugar una nueva edici\u00f3n de la Expo Carreras, muestra en la que se expondr\u00e1 toda la oferta acad\u00e9mica de la regi\u00f3n. La actividad de inter\u00e9s educativo es organizada por la Secretar\u00eda de Coordinaci\u00f3n General de la Municipalidad de San Lorenzo. Durante la jornada, que se [&hellip;]<\/p>\n","protected":false},"author":9,"featured_media":15492,"comment_status":"closed","ping_status":"open","sticky":false,"template":"","format":"standard","meta":{"tdm_status":"","tdm_grid_status":"","footnotes":""},"categories":[13],"tags":[3839,3183,58],"class_list":{"0":"post-15491","1":"post","2":"type-post","3":"status-publish","4":"format-standard","5":"has-post-thumbnail","7":"category-region","8":"tag-centro-cultural","9":"tag-expo-carreras","10":"tag-san-lorenzo"},"_links":{"self":[{"href":"https:\/\/www.noticiasmas.com.ar\/index.php\/wp-json\/wp\/v2\/posts\/15491","targetHints":{"allow":["GET"]}}],"collection":[{"href":"https:\/\/www.noticiasmas.com.ar\/index.php\/wp-json\/wp\/v2\/posts"}],"about":[{"href":"https:\/\/www.noticiasmas.com.ar\/index.php\/wp-json\/wp\/v2\/types\/post"}],"author":[{"embeddable":true,"href":"https:\/\/www.noticiasmas.com.ar\/index.php\/wp-json\/wp\/v2\/users\/9"}],"replies":[{"embeddable":true,"href":"https:\/\/www.noticiasmas.com.ar\/index.php\/wp-json\/wp\/v2\/comments?post=15491"}],"version-history":[{"count":1,"href":"https:\/\/www.noticiasmas.com.ar\/index.php\/wp-json\/wp\/v2\/posts\/15491\/revisions"}],"predecessor-version":[{"id":15493,"href":"https:\/\/www.noticiasmas.com.ar\/index.php\/wp-json\/wp\/v2\/posts\/15491\/revisions\/15493"}],"wp:featuredmedia":[{"embeddable":true,"href":"https:\/\/www.noticiasmas.com.ar\/index.php\/wp-json\/wp\/v2\/media\/15492"}],"wp:attachment":[{"href":"https:\/\/www.noticiasmas.com.ar\/index.php\/wp-json\/wp\/v2\/media?parent=15491"}],"wp:term":[{"taxonomy":"category","embeddable":true,"href":"https:\/\/www.noticiasmas.com.ar\/index.php\/wp-json\/wp\/v2\/categories?post=15491"},{"taxonomy":"post_tag","embeddable":true,"href":"https:\/\/www.noticiasmas.com.ar\/index.php\/wp-json\/wp\/v2\/tags?post=15491"}],"curies":[{"name":"wp","href":"https:\/\/api.w.org\/{rel}","templated":true}]}}