{"id":1550,"date":"2023-12-20T08:31:34","date_gmt":"2023-12-20T11:31:34","guid":{"rendered":"https:\/\/www.noticiasmas.com.ar\/?p=1550"},"modified":"2023-12-20T08:31:35","modified_gmt":"2023-12-20T11:31:35","slug":"mitad-de-semana-con-cielo-cubierto-para-toda-la-jornada","status":"publish","type":"post","link":"https:\/\/www.noticiasmas.com.ar\/index.php\/2023\/12\/20\/mitad-de-semana-con-cielo-cubierto-para-toda-la-jornada\/","title":{"rendered":"Mitad de semana con cielo cubierto para toda la jornada"},"content":{"rendered":"\n<p>Con una m\u00ednima de 16 grados seguimos con otra jornada que parece oto\u00f1al en pleno diciembre. Ma\u00f1ana comenzar\u00eda a elevarse la temperatura. <\/p>\n\n\n\n<p>El Servicio Meteorol\u00f3gico Nacional (SMN),\u00a0indica para este mi\u00e9rcoles una temperatura que se mantendr\u00e1 entre los 16 y 23 grados par otro d\u00eda que nos lleva al la estaci\u00f3n oto\u00f1al pero estamos a d\u00edas de Navidad. Se esperan para esta tarde noche algunos chaparrones aislados. <\/p>\n\n\n\n<p>Para ma\u00f1ana jueves las condiciones clim\u00e1ticas se mantendr\u00e1n casi similares aunque el term\u00f3metro llegar\u00e1 a los 27 grados. <\/p>\n","protected":false},"excerpt":{"rendered":"<p>Con una m\u00ednima de 16 grados seguimos con otra jornada que parece oto\u00f1al en pleno diciembre. Ma\u00f1ana comenzar\u00eda a elevarse la temperatura. El Servicio Meteorol\u00f3gico Nacional (SMN),\u00a0indica para este mi\u00e9rcoles una temperatura que se mantendr\u00e1 entre los 16 y 23 grados par otro d\u00eda que nos lleva al la estaci\u00f3n oto\u00f1al pero estamos a d\u00edas [&hellip;]<\/p>\n","protected":false},"author":3,"featured_media":1551,"comment_status":"closed","ping_status":"open","sticky":false,"template":"","format":"standard","meta":{"tdm_status":"","tdm_grid_status":"","footnotes":""},"categories":[13],"tags":[138,620,193],"class_list":{"0":"post-1550","1":"post","2":"type-post","3":"status-publish","4":"format-standard","5":"has-post-thumbnail","7":"category-region","8":"tag-clima","9":"tag-diciembre","10":"tag-smn"},"_links":{"self":[{"href":"https:\/\/www.noticiasmas.com.ar\/index.php\/wp-json\/wp\/v2\/posts\/1550","targetHints":{"allow":["GET"]}}],"collection":[{"href":"https:\/\/www.noticiasmas.com.ar\/index.php\/wp-json\/wp\/v2\/posts"}],"about":[{"href":"https:\/\/www.noticiasmas.com.ar\/index.php\/wp-json\/wp\/v2\/types\/post"}],"author":[{"embeddable":true,"href":"https:\/\/www.noticiasmas.com.ar\/index.php\/wp-json\/wp\/v2\/users\/3"}],"replies":[{"embeddable":true,"href":"https:\/\/www.noticiasmas.com.ar\/index.php\/wp-json\/wp\/v2\/comments?post=1550"}],"version-history":[{"count":1,"href":"https:\/\/www.noticiasmas.com.ar\/index.php\/wp-json\/wp\/v2\/posts\/1550\/revisions"}],"predecessor-version":[{"id":1552,"href":"https:\/\/www.noticiasmas.com.ar\/index.php\/wp-json\/wp\/v2\/posts\/1550\/revisions\/1552"}],"wp:featuredmedia":[{"embeddable":true,"href":"https:\/\/www.noticiasmas.com.ar\/index.php\/wp-json\/wp\/v2\/media\/1551"}],"wp:attachment":[{"href":"https:\/\/www.noticiasmas.com.ar\/index.php\/wp-json\/wp\/v2\/media?parent=1550"}],"wp:term":[{"taxonomy":"category","embeddable":true,"href":"https:\/\/www.noticiasmas.com.ar\/index.php\/wp-json\/wp\/v2\/categories?post=1550"},{"taxonomy":"post_tag","embeddable":true,"href":"https:\/\/www.noticiasmas.com.ar\/index.php\/wp-json\/wp\/v2\/tags?post=1550"}],"curies":[{"name":"wp","href":"https:\/\/api.w.org\/{rel}","templated":true}]}}