{"id":15500,"date":"2025-06-11T16:01:13","date_gmt":"2025-06-11T19:01:13","guid":{"rendered":"https:\/\/www.noticiasmas.com.ar\/?p=15500"},"modified":"2025-06-11T16:01:16","modified_gmt":"2025-06-11T19:01:16","slug":"se-suspendieron-las-actividades-del-dia-del-padre-en-san-lorenzo-y-se-pasan-para-el-sabado-21-de-junio","status":"publish","type":"post","link":"https:\/\/www.noticiasmas.com.ar\/index.php\/2025\/06\/11\/se-suspendieron-las-actividades-del-dia-del-padre-en-san-lorenzo-y-se-pasan-para-el-sabado-21-de-junio\/","title":{"rendered":"Se suspendieron las actividades del D\u00eda del Padre en San Lorenzo y se pasan para el s\u00e1bado 21 de junio"},"content":{"rendered":"\n<p>Ante el pron\u00f3stico de clima lluvioso para este fin de semana, en donde se celebra el D\u00eda del Padre en todo el pa\u00eds, la Municipalidad de San Lorenzo reprogram\u00f3 la jornada donde se iban a desarrollar algunas actividades en el centro de la ciudad.<\/p>\n\n\n\n<p>Seg\u00fan el programa oficial de la Municipalidad, se hab\u00eda anunciado la presentaci\u00f3n del cocinero Santiago Giorgini, conocido por su trabajo en el programa televisivo \u201cLa Pe\u00f1a de Morfi\u201d.<\/p>\n\n\n\n<p>Esta presentaci\u00f3n pasar\u00e1 al pr\u00f3ximo s\u00e1bado 21 de junio al mediod\u00eda. El mismo fin de semana se realizar\u00e1 una jornada de cocina por el d\u00eda de la Bandera que se desarrollar\u00e1 el viernes 20 de junio, feriado nacional.&nbsp;<\/p>\n\n\n\n<p>El Servicio Meteorol\u00f3gico Nacional anunci\u00f3 lluvias y chaparrones para este fin de semana, condici\u00f3n meteorol\u00f3gica que se suscitar\u00e1 entre el viernes y el s\u00e1bado.<\/p>\n","protected":false},"excerpt":{"rendered":"<p>Ante el pron\u00f3stico de clima lluvioso para este fin de semana, en donde se celebra el D\u00eda del Padre en todo el pa\u00eds, la Municipalidad de San Lorenzo reprogram\u00f3 la jornada donde se iban a desarrollar algunas actividades en el centro de la ciudad. Seg\u00fan el programa oficial de la Municipalidad, se hab\u00eda anunciado la [&hellip;]<\/p>\n","protected":false},"author":9,"featured_media":15501,"comment_status":"closed","ping_status":"open","sticky":false,"template":"","format":"standard","meta":{"tdm_status":"","tdm_grid_status":"","footnotes":""},"categories":[13],"tags":[667,2454,58],"class_list":{"0":"post-15500","1":"post","2":"type-post","3":"status-publish","4":"format-standard","5":"has-post-thumbnail","7":"category-region","8":"tag-actividades","9":"tag-dia-de-la-bandera","10":"tag-san-lorenzo"},"_links":{"self":[{"href":"https:\/\/www.noticiasmas.com.ar\/index.php\/wp-json\/wp\/v2\/posts\/15500","targetHints":{"allow":["GET"]}}],"collection":[{"href":"https:\/\/www.noticiasmas.com.ar\/index.php\/wp-json\/wp\/v2\/posts"}],"about":[{"href":"https:\/\/www.noticiasmas.com.ar\/index.php\/wp-json\/wp\/v2\/types\/post"}],"author":[{"embeddable":true,"href":"https:\/\/www.noticiasmas.com.ar\/index.php\/wp-json\/wp\/v2\/users\/9"}],"replies":[{"embeddable":true,"href":"https:\/\/www.noticiasmas.com.ar\/index.php\/wp-json\/wp\/v2\/comments?post=15500"}],"version-history":[{"count":1,"href":"https:\/\/www.noticiasmas.com.ar\/index.php\/wp-json\/wp\/v2\/posts\/15500\/revisions"}],"predecessor-version":[{"id":15502,"href":"https:\/\/www.noticiasmas.com.ar\/index.php\/wp-json\/wp\/v2\/posts\/15500\/revisions\/15502"}],"wp:featuredmedia":[{"embeddable":true,"href":"https:\/\/www.noticiasmas.com.ar\/index.php\/wp-json\/wp\/v2\/media\/15501"}],"wp:attachment":[{"href":"https:\/\/www.noticiasmas.com.ar\/index.php\/wp-json\/wp\/v2\/media?parent=15500"}],"wp:term":[{"taxonomy":"category","embeddable":true,"href":"https:\/\/www.noticiasmas.com.ar\/index.php\/wp-json\/wp\/v2\/categories?post=15500"},{"taxonomy":"post_tag","embeddable":true,"href":"https:\/\/www.noticiasmas.com.ar\/index.php\/wp-json\/wp\/v2\/tags?post=15500"}],"curies":[{"name":"wp","href":"https:\/\/api.w.org\/{rel}","templated":true}]}}