{"id":15593,"date":"2025-06-16T14:45:39","date_gmt":"2025-06-16T17:45:39","guid":{"rendered":"https:\/\/www.noticiasmas.com.ar\/?p=15593"},"modified":"2025-06-16T14:45:43","modified_gmt":"2025-06-16T17:45:43","slug":"piden-al-gobierno-provincial-sobre-bandas-narco-en-el-cordon-industrial","status":"publish","type":"post","link":"https:\/\/www.noticiasmas.com.ar\/index.php\/2025\/06\/16\/piden-al-gobierno-provincial-sobre-bandas-narco-en-el-cordon-industrial\/","title":{"rendered":"PIDEN AL GOBIERNO PROVINCIAL SOBRE BANDAS NARCO EN EL CORD\u00d3N INDUSTRIAL"},"content":{"rendered":"\n<p>El diputado Carlos del Frade vuelve a poner en agenda el tema del negocio del narcotr\u00e1fico en Santa Fe, haciendo foco a la zona del cord\u00f3n industrial, y en ese marco ingreso recientemente un expediente a la C\u00e1mara de diputados solicitando al Ejecutivo provincial informe en relaci\u00f3n a la actividad de las bandas vinculadas al narcomenudeo identificadas en el Barrio Norte de la ciudad de San Lorenzo, como \u201clos Silvera\u201d, \u201clos Monz\u00f3n\u201d y \u201clos porte\u00f1os\u201d.<\/p>\n\n\n\n<p>El pedido es para que se informe desde cu\u00e1ndo vienen desarrollando sus negocios y qu\u00e9 actuaciones realizaron los integrantes de la Unidad Regional XVII en los \u00faltimos tres a\u00f1os para impedir esta operatoria.<\/p>\n\n\n\n<p>En ese marco, el legislador del Frente Amplio por la Soberan\u00eda se referenci\u00f3 para su reclamo en una nota de la reconocida periodista Anabela Tramontini en el diario \u201cPreg\u00f3n\u201d, del 27 de mayo de 2025, donde se expuso la existencia de las tres bandas mencionadas en la localidad cercana a Rosario.<\/p>\n\n\n\n<p>All\u00ed surgi\u00f3 la informaci\u00f3n de declaraciones del imputado Iv\u00e1n Godoy de haber cometido el asesinato de Franceso Giovani Fiorucci el primero de marzo de 2023.<\/p>\n\n\n\n<p>Concretamente Godoy sostuvo: \u201cLo que se me est\u00e1 imputando sobre los homicidios; se sabe que es una guerra entre los Silvera y los Monz\u00f3n, que viene de toda la vida, desde que yo era una criatura, incluso todo el barrio lo sabe y la persona que cometi\u00f3 el delito que el fiscal est\u00e1 diciendo, vive a la vuelta y sigue vendiendo estupefacientes y es siempre lo mismo, todos los d\u00edas\u201d, narr\u00f3 Del Frade en los considerandos de su proyecto<\/p>\n\n\n\n<p>Asimismo prosigue. \u201cGodoy sigui\u00f3 hablando ante el juez Ariel Catt\u00e1neo y habl\u00f3 sobre el crimen de Vicente del Valle Silvera, luego de que el fiscal Nicosia revelara una conversaci\u00f3n en la que el acusado le contaba a su novia que lo hab\u00eda matado \u00e9l. Fueron los pibes m\u00edos, ta ta ta ta; lo tendr\u00edan que haber matado a Agust\u00edn y no a Vicente. Yo estaba en Coronda cuando hicieron eso y mand\u00e9 a matar a Agust\u00edn y a \u201cMou\u201d y le pegaron a Vicente, lo mismo pas\u00f3 con Luciana, la mande a matar le mande un Corsa y un Toyota con trece pistolas\u201d<\/p>\n\n\n\n<p>\u201cAl pap\u00e1 de esa misma persona que mat\u00f3 ( a Francesco) son los porte\u00f1os que viven en barrio norte. Yo tambi\u00e9n tengo mucho para decir, los que mataron a Vicente Silvera son Diego \u201cel porte\u00f1o\u201d, que son los porte\u00f1os de barrio norte, y de ah\u00ed se arm\u00f3 una cadena, que fue \u201cMou\u201d con el hermano y dos pibes m\u00e1s de Rosario los que mataron al chico este y dejaron a otro m\u00e1s tirado\u201d, tambi\u00e9n se lee en el pedido que el diputado del FAS le elev\u00f3 al gobierno provincial<\/p>\n\n\n\n<p>A partir de estas declaraciones en sede judicial \u201ces preciso saber qu\u00e9 actuaciones tuvieron los integrantes de la Unidad Regional XVII de la polic\u00eda de la Provincia de Santa Fe en los \u00faltimos a\u00f1os y los motivos del crecimiento y desarrollo de estas tres bandas\u201d, reiter\u00f3 Del Frade<\/p>\n\n\n\n<p>ARMAS<\/p>\n\n\n\n<p>Paralelamente Del Frade tambi\u00e9n solicita informaci\u00f3n al gobierno santafesino sobre si el Equipo de Abordaje Estrat\u00e9gico de Armas de Fuego, creado por el Ministerio P\u00fablico de la Acusaci\u00f3n en 2024, ha podido determinar el origen de las armas incautadas en los \u00faltimos dos a\u00f1os, volumen del negocio del contrabando de las mismas en la provincia y formas de circulaci\u00f3n de las mismas como tambi\u00e9n acciones judiciales iniciadas contra armer\u00edas legales en el mismo per\u00edodo.<\/p>\n\n\n\n<p>Ahora bien, el diputado narra en su pedido de informes que el Equipo de Armas junto a la ANMaC y el Ministerio de Seguridad de la Naci\u00f3n y su Secretar\u00eda de Intervenci\u00f3n Federal y la Secretar\u00eda de Lucha Contra el Narcotr\u00e1fico y la Criminalidad Organizada, trabajaron en conjunto para procesar informaci\u00f3n y detectar patrones de alerta consensuados con el MPA.<\/p>\n\n\n\n<p>En la investigaci\u00f3n se realizaron 45 allanamientos en distintos puntos de la ciudad, incluyendo domicilios particulares y una armer\u00eda. De all\u00ed se secuestraron armas de fuego y municiones, as\u00ed como documentaci\u00f3n y otros elementos de inter\u00e9s para la causa.<\/p>\n\n\n\n<p>Respecto al material que ingres\u00f3 en el Dep\u00f3sito de Materiales Controlados Rosario y los otros dep\u00f3sitos del MPA:<\/p>\n\n\n\n<p>*Armas de fuego: 3075<\/p>\n\n\n\n<p>*Armas de fuego (FR1): 544 .<\/p>\n\n\n\n<p>*Armas de fuego (FR2 y FR3): 2205<\/p>\n\n\n\n<p>*Armas de fuego (FR4): 133<\/p>\n\n\n\n<p>*Armas de fuego (FR5): 193<\/p>\n\n\n\n<p>*Municiones: 105.962<\/p>\n\n\n\n<p>*Chalecos: 88<\/p>\n\n\n\n<p>\u201cEn comparaci\u00f3n con el a\u00f1o pasado, se registr\u00f3 un incremento interanual de 67,85% en la cantidad de armas entregadas para su destrucci\u00f3n, y del 6,58% en la cantidad de cartuchos.\u201d, coment\u00f3 el diputado y asimismo agreg\u00f3 el dato que en marzo de 2025, la Fiscal\u00eda General \u201cefectu\u00f3\u201d la primera entrega de armas a ANMaC, conforme al convenio vigente.<\/p>\n\n\n\n<p>Se transfirieron 1.570 armas de fuego, 15.000 municiones y 33 chalecos antibalas, destinados a control, destrucci\u00f3n o entrega a las fuerzas federales, seg\u00fan el nuevo decreto del Poder Ejecutivo.<\/p>\n\n\n\n<p>\u201cM\u00e1s all\u00e1 de esta informaci\u00f3n creemos indispensable saber si se identificaron or\u00edgenes de esas armas, empresas que la incorporaron al mercado ilegal, cantidad de causas judiciales abiertas y estimaci\u00f3n econ\u00f3mica del contrabando de armas en la provincia de Santa Fe\u201d, insisti\u00f3 Del Frade.<\/p>\n","protected":false},"excerpt":{"rendered":"<p>El diputado Carlos del Frade vuelve a poner en agenda el tema del negocio del narcotr\u00e1fico en Santa Fe, haciendo foco a la zona del cord\u00f3n industrial, y en ese marco ingreso recientemente un expediente a la C\u00e1mara de diputados solicitando al Ejecutivo provincial informe en relaci\u00f3n a la actividad de las bandas vinculadas al [&hellip;]<\/p>\n","protected":false},"author":5,"featured_media":15594,"comment_status":"closed","ping_status":"open","sticky":false,"template":"","format":"standard","meta":{"tdm_status":"","tdm_grid_status":"","footnotes":""},"categories":[14],"tags":[994,161,2808,172,58,18],"class_list":{"0":"post-15593","1":"post","2":"type-post","3":"status-publish","4":"format-standard","5":"has-post-thumbnail","7":"category-provinciales","8":"tag-carlos-del-frade","9":"tag-legislatura","10":"tag-pedido-de-informe","11":"tag-policiales","12":"tag-san-lorenzo","13":"tag-santa-fe"},"_links":{"self":[{"href":"https:\/\/www.noticiasmas.com.ar\/index.php\/wp-json\/wp\/v2\/posts\/15593","targetHints":{"allow":["GET"]}}],"collection":[{"href":"https:\/\/www.noticiasmas.com.ar\/index.php\/wp-json\/wp\/v2\/posts"}],"about":[{"href":"https:\/\/www.noticiasmas.com.ar\/index.php\/wp-json\/wp\/v2\/types\/post"}],"author":[{"embeddable":true,"href":"https:\/\/www.noticiasmas.com.ar\/index.php\/wp-json\/wp\/v2\/users\/5"}],"replies":[{"embeddable":true,"href":"https:\/\/www.noticiasmas.com.ar\/index.php\/wp-json\/wp\/v2\/comments?post=15593"}],"version-history":[{"count":1,"href":"https:\/\/www.noticiasmas.com.ar\/index.php\/wp-json\/wp\/v2\/posts\/15593\/revisions"}],"predecessor-version":[{"id":15595,"href":"https:\/\/www.noticiasmas.com.ar\/index.php\/wp-json\/wp\/v2\/posts\/15593\/revisions\/15595"}],"wp:featuredmedia":[{"embeddable":true,"href":"https:\/\/www.noticiasmas.com.ar\/index.php\/wp-json\/wp\/v2\/media\/15594"}],"wp:attachment":[{"href":"https:\/\/www.noticiasmas.com.ar\/index.php\/wp-json\/wp\/v2\/media?parent=15593"}],"wp:term":[{"taxonomy":"category","embeddable":true,"href":"https:\/\/www.noticiasmas.com.ar\/index.php\/wp-json\/wp\/v2\/categories?post=15593"},{"taxonomy":"post_tag","embeddable":true,"href":"https:\/\/www.noticiasmas.com.ar\/index.php\/wp-json\/wp\/v2\/tags?post=15593"}],"curies":[{"name":"wp","href":"https:\/\/api.w.org\/{rel}","templated":true}]}}