{"id":15607,"date":"2025-06-17T08:25:35","date_gmt":"2025-06-17T11:25:35","guid":{"rendered":"https:\/\/www.noticiasmas.com.ar\/?p=15607"},"modified":"2025-06-17T08:25:38","modified_gmt":"2025-06-17T11:25:38","slug":"el-justicialismo-tambien-convoco-una-marcha-en-los-tribunales-federales-de-rosario-el-miercoles-por-la-condena-a-cristina","status":"publish","type":"post","link":"https:\/\/www.noticiasmas.com.ar\/index.php\/2025\/06\/17\/el-justicialismo-tambien-convoco-una-marcha-en-los-tribunales-federales-de-rosario-el-miercoles-por-la-condena-a-cristina\/","title":{"rendered":"El Justicialismo tambi\u00e9n convoc\u00f3 una marcha en los Tribunales Federales de Rosario el mi\u00e9rcoles por la condena a Cristina\u00a0"},"content":{"rendered":"\n<p>El mi\u00e9rcoles, Cristina Fern\u00e1ndez de Kirchner deber\u00e1 presentarse en los Tribunales Federales de Comodoro Py, por lo que se espera un amplio acompa\u00f1amiento de sectores afines al peronismo, cuando se conozca c\u00f3mo se efectivizar\u00e1 la condena a seis a\u00f1os de prisi\u00f3n para la ex presidenta.<\/p>\n\n\n\n<p>En Rosario, habr\u00e1 una manifestaci\u00f3n en los Tribunales Federales de bulevar Oro\u00f1o y San Luis, convocada por sectores del peronismo que resolvieron en la departamental del Partido Justicialista.&nbsp;<\/p>\n\n\n\n<p>La convocatoria ser\u00e1 a las 9 de la ma\u00f1ana e incluir\u00e1 a quienes no viajen a Buenos Aires a la manifestaci\u00f3n convocada por el peronismo.<\/p>\n\n\n\n<p>La concentraci\u00f3n que se dar\u00e1 en la Capital Federal acompa\u00f1ar\u00e1 a la ex presidenta desde su departamento del barrio de Constituci\u00f3n hacia los tribunales de Comodoro Py.&nbsp;<\/p>\n\n\n\n<p>&#8220;Argentina con Cristina&#8221; es la consigna de la convocatoria para acompa\u00f1arla a las 10 de la ma\u00f1ana desde San Jos\u00e9 y San Juan hasta los Tribunales, a la espera de que el juez Jorge Gorini confirme la prisi\u00f3n domiciliaria solicitada por la defensa de la ex presidenta.<\/p>\n","protected":false},"excerpt":{"rendered":"<p>El mi\u00e9rcoles, Cristina Fern\u00e1ndez de Kirchner deber\u00e1 presentarse en los Tribunales Federales de Comodoro Py, por lo que se espera un amplio acompa\u00f1amiento de sectores afines al peronismo, cuando se conozca c\u00f3mo se efectivizar\u00e1 la condena a seis a\u00f1os de prisi\u00f3n para la ex presidenta. En Rosario, habr\u00e1 una manifestaci\u00f3n en los Tribunales Federales de [&hellip;]<\/p>\n","protected":false},"author":9,"featured_media":15608,"comment_status":"closed","ping_status":"open","sticky":false,"template":"","format":"standard","meta":{"tdm_status":"","tdm_grid_status":"","footnotes":""},"categories":[8],"tags":[2489,163,4603],"class_list":{"0":"post-15607","1":"post","2":"type-post","3":"status-publish","4":"format-standard","5":"has-post-thumbnail","7":"category-politica","8":"tag-cristina-fernandez-de-kirchner-2","9":"tag-rosario","10":"tag-tribunales-federales"},"_links":{"self":[{"href":"https:\/\/www.noticiasmas.com.ar\/index.php\/wp-json\/wp\/v2\/posts\/15607","targetHints":{"allow":["GET"]}}],"collection":[{"href":"https:\/\/www.noticiasmas.com.ar\/index.php\/wp-json\/wp\/v2\/posts"}],"about":[{"href":"https:\/\/www.noticiasmas.com.ar\/index.php\/wp-json\/wp\/v2\/types\/post"}],"author":[{"embeddable":true,"href":"https:\/\/www.noticiasmas.com.ar\/index.php\/wp-json\/wp\/v2\/users\/9"}],"replies":[{"embeddable":true,"href":"https:\/\/www.noticiasmas.com.ar\/index.php\/wp-json\/wp\/v2\/comments?post=15607"}],"version-history":[{"count":1,"href":"https:\/\/www.noticiasmas.com.ar\/index.php\/wp-json\/wp\/v2\/posts\/15607\/revisions"}],"predecessor-version":[{"id":15609,"href":"https:\/\/www.noticiasmas.com.ar\/index.php\/wp-json\/wp\/v2\/posts\/15607\/revisions\/15609"}],"wp:featuredmedia":[{"embeddable":true,"href":"https:\/\/www.noticiasmas.com.ar\/index.php\/wp-json\/wp\/v2\/media\/15608"}],"wp:attachment":[{"href":"https:\/\/www.noticiasmas.com.ar\/index.php\/wp-json\/wp\/v2\/media?parent=15607"}],"wp:term":[{"taxonomy":"category","embeddable":true,"href":"https:\/\/www.noticiasmas.com.ar\/index.php\/wp-json\/wp\/v2\/categories?post=15607"},{"taxonomy":"post_tag","embeddable":true,"href":"https:\/\/www.noticiasmas.com.ar\/index.php\/wp-json\/wp\/v2\/tags?post=15607"}],"curies":[{"name":"wp","href":"https:\/\/api.w.org\/{rel}","templated":true}]}}