{"id":15632,"date":"2025-06-17T18:07:38","date_gmt":"2025-06-17T21:07:38","guid":{"rendered":"https:\/\/www.noticiasmas.com.ar\/?p=15632"},"modified":"2025-06-17T18:07:42","modified_gmt":"2025-06-17T21:07:42","slug":"gremio-aceitero-se-afianza-en-el-gran-rosario","status":"publish","type":"post","link":"https:\/\/www.noticiasmas.com.ar\/index.php\/2025\/06\/17\/gremio-aceitero-se-afianza-en-el-gran-rosario\/","title":{"rendered":"GREMIO ACEITERO SE AFIANZA EN EL GRAN ROSARIO"},"content":{"rendered":"\n<p>El mundo sindical pasa en Argentina una etapa caracterizada por la persecuci\u00f3n, el desgaste y la mala propaganda por parte del gobierno que encabeza el presidente Javier Milei, En Santa Fe y Rosario tambi\u00e9n se hace visible sobre el accionar hacia los gremios estatales<\/p>\n\n\n\n<p>En tal marco, es meritorio destacar en este berenjenal de techo a paritarias, ir por el derecho a huelga y demonizar dirigentes sindicales que atraviesa la atm\u00f3sfera argentina que espacios gremiales nuevos demuestren franzo ascenso, legitimidad y progreso<\/p>\n\n\n\n<p>Es el caso de la Asociaci\u00f3n de Supervisores y T\u00e9cnicos de la Industria Aceitera y de Biodi\u00e9sel de la Rep\u00fablica Argentina (ASIABRA) con \u201ccrecimiento sostenido\u201d, y el hecho inscribe a esta entidad gremial en una realidad que muchas veces pasa desapercibida y es que el mundo del trabajo no solo se transforma, sino que reclama nuevas herramientas y nuevos actores para defender derechos, salarios y condiciones laborales en un contexto cada vez m\u00e1s complejo.<\/p>\n\n\n\n<p>Ahora bien , ASIABRA tiene sus g\u00e9nesis un poco atr\u00e1s en el tiempo, all\u00e1 por 2014 cuando ning\u00fan sindicato de la actividad aceitera representaba cargos jer\u00e1rquicos. En tanto la personer\u00eda gremial se obtuvo en 2024<\/p>\n\n\n\n<p>\u201cNacimos de la organizaci\u00f3n concreta de compa\u00f1eras y compa\u00f1eros que, durante a\u00f1os, trabajaron sin una organizaci\u00f3n gremial, ni convenio colectivo que los represente\u201d, se\u00f1alaron desde el gremio y agregaron: \u201c ASIABRA ha logrado afianzarse como una voz leg\u00edtima en el interior de numerosas plantas industriales del sector, con especial presencia en el Gran Rosario, uno de los epicentros productivos m\u00e1s importantes del pa\u00eds\u201d.<\/p>\n\n\n\n<p>Asimismo, el Secretario General de ASIABRA, Cristian Romero, explic\u00f3: \u201cNuestro sindicato no se construye en los papeles ni desde un escritorio. Se construye en cada planta, hablando con los compa\u00f1eros, escuchando sus problemas, compartiendo experiencias. La obtenci\u00f3n de la Personer\u00eda Gremial es parte de ese camino, no el punto de partida.\u201d, dijo<\/p>\n\n\n\n<p>En ese marco, se debe indicar que fue en septiembre de 2024, la obtenci\u00f3n de la Personer\u00eda Gremial otorgada por la Secretar\u00eda de Trabajo, Empleo y Seguridad Social de la Naci\u00f3n, \u201cFue uno de los objetivos principales de la organizaci\u00f3n, y se logr\u00f3 despu\u00e9s de varios a\u00f1os de trabajo y validaciones de representaci\u00f3n en diferentes territorios de la provincia de Santa Fe, y sur de la provincia de Buenos Aires en la primera etapa\u201d, destac\u00f3 Romero<\/p>\n\n\n\n<p>En paralelo la organizaci\u00f3n fue ampliando la representaci\u00f3n territorial a otras provincias y desde agosto del 2023 obtuvo la inscripci\u00f3n gremial para localidades de la provincia de C\u00f3rdoba y San Luis. Desde entonces, \u201cel proceso no hizo m\u00e1s que acelerarse: asambleas, recorridas, nuevas afiliaciones y, sobre todo, la convicci\u00f3n de que ning\u00fan derecho se construye en soledad\u201d, agreg\u00f3<\/p>\n\n\n\n<p>EN TIEMPOS DE AJUSTE .<\/p>\n\n\n\n<p>La experiencia de ASIABRA \u201cdemuestra que, incluso en tiempos de ajuste y retroceso, cuando muchos trabajadores viven la injusticia de ver c\u00f3mo sus ingresos van en detrimento y no hay respuestas por parte de las empresas para cambiar esa realidad, tambi\u00e9n hay lugar para el reclamo genuino, para transformar esas realidades y para el crecimiento colectivo. Pero no un crecimiento espont\u00e1neo, sino uno que se sostiene en organizaci\u00f3n, participaci\u00f3n activa y di\u00e1logo. Un crecimiento que se nutre de las experiencias locales, de los encuentros entre trabajadores anteriormente individualizados y de una apuesta firme por un sindicalismo que no reproduce l\u00f3gicas viejas, sino que abre nuevas puertas y miradas al mundo del trabajo\u201d, subray\u00f3 la entidad en un comunicado<\/p>\n\n\n\n<p>En ese orden, su titular Cristian Romero afirm\u00f3: \u201cASIABRA naci\u00f3 para escribir su propio cap\u00edtulo. Donde hubo invisibilizaci\u00f3n, hoy hay voz; donde hubo fragmentaci\u00f3n, hoy hay unidad\u201d. \u201cSomos conscientes que estamos haciendo historia, y trabajamos para seguir transformando la realidad de compa\u00f1eras y compa\u00f1eros que pensaron que esto era imposible\u2026\u201d, complet\u00f3 el dirigente gremial<\/p>\n","protected":false},"excerpt":{"rendered":"<p>El mundo sindical pasa en Argentina una etapa caracterizada por la persecuci\u00f3n, el desgaste y la mala propaganda por parte del gobierno que encabeza el presidente Javier Milei, En Santa Fe y Rosario tambi\u00e9n se hace visible sobre el accionar hacia los gremios estatales En tal marco, es meritorio destacar en este berenjenal de techo [&hellip;]<\/p>\n","protected":false},"author":5,"featured_media":15633,"comment_status":"closed","ping_status":"open","sticky":false,"template":"","format":"standard","meta":{"tdm_status":"","tdm_grid_status":"","footnotes":""},"categories":[13],"tags":[4722,347,163,18],"class_list":{"0":"post-15632","1":"post","2":"type-post","3":"status-publish","4":"format-standard","5":"has-post-thumbnail","7":"category-region","8":"tag-asiabra","9":"tag-region","10":"tag-rosario","11":"tag-santa-fe"},"_links":{"self":[{"href":"https:\/\/www.noticiasmas.com.ar\/index.php\/wp-json\/wp\/v2\/posts\/15632","targetHints":{"allow":["GET"]}}],"collection":[{"href":"https:\/\/www.noticiasmas.com.ar\/index.php\/wp-json\/wp\/v2\/posts"}],"about":[{"href":"https:\/\/www.noticiasmas.com.ar\/index.php\/wp-json\/wp\/v2\/types\/post"}],"author":[{"embeddable":true,"href":"https:\/\/www.noticiasmas.com.ar\/index.php\/wp-json\/wp\/v2\/users\/5"}],"replies":[{"embeddable":true,"href":"https:\/\/www.noticiasmas.com.ar\/index.php\/wp-json\/wp\/v2\/comments?post=15632"}],"version-history":[{"count":1,"href":"https:\/\/www.noticiasmas.com.ar\/index.php\/wp-json\/wp\/v2\/posts\/15632\/revisions"}],"predecessor-version":[{"id":15634,"href":"https:\/\/www.noticiasmas.com.ar\/index.php\/wp-json\/wp\/v2\/posts\/15632\/revisions\/15634"}],"wp:featuredmedia":[{"embeddable":true,"href":"https:\/\/www.noticiasmas.com.ar\/index.php\/wp-json\/wp\/v2\/media\/15633"}],"wp:attachment":[{"href":"https:\/\/www.noticiasmas.com.ar\/index.php\/wp-json\/wp\/v2\/media?parent=15632"}],"wp:term":[{"taxonomy":"category","embeddable":true,"href":"https:\/\/www.noticiasmas.com.ar\/index.php\/wp-json\/wp\/v2\/categories?post=15632"},{"taxonomy":"post_tag","embeddable":true,"href":"https:\/\/www.noticiasmas.com.ar\/index.php\/wp-json\/wp\/v2\/tags?post=15632"}],"curies":[{"name":"wp","href":"https:\/\/api.w.org\/{rel}","templated":true}]}}