{"id":1565,"date":"2023-12-20T13:56:53","date_gmt":"2023-12-20T16:56:53","guid":{"rendered":"https:\/\/www.noticiasmas.com.ar\/?p=1565"},"modified":"2023-12-20T13:56:54","modified_gmt":"2023-12-20T16:56:54","slug":"se-detecto-un-caso-humano-de-encefalitis-equina-del-oeste","status":"publish","type":"post","link":"https:\/\/www.noticiasmas.com.ar\/index.php\/2023\/12\/20\/se-detecto-un-caso-humano-de-encefalitis-equina-del-oeste\/","title":{"rendered":"Se detect\u00f3 un caso humano de Encefalitis Equina del Oeste"},"content":{"rendered":"\n<p>Los resultados se obtuvieron en muestras de un paciente que reside en el departamento de General Obligado, en la provincia de Santa Fe. A partir de la alerta emitida, se ingres\u00f3 el caso como sospechoso y se logr\u00f3 el diagn\u00f3stico mediante el protocolo de estudios de laboratorio en el Instituto Maiztegui.<\/p>\n\n\n\n<p>Ante la presentaci\u00f3n de <strong>una persona con s\u00edntomas, la r\u00e1pida atenci\u00f3n en el Hospital Olga Stucky de Rizzi (Reconquista) permiti\u00f3 que se desarrolle como un caso leve y el paciente evoluciona favorablemente.<\/strong><\/p>\n\n\n\n<p>Los ministerios de Salud de Provincia y Naci\u00f3n confirmaron el resultado positivo para Encefalitis Equina del Oeste (EEO) en muestras provenientes de un paciente que reside en el departamento de General Obligado, en nuestra provincia, donde el <strong>Servicio Nacional de Sanidad y Calidad Agroalimentaria (Senasa) registr\u00f3 previamente casos de la enfermedad en equinos.<\/strong> En ese sentido, el Ministerio de Salud de la Naci\u00f3n inform\u00f3 que <strong>se trata del primer caso en humanos, luego de m\u00e1s de dos d\u00e9cadas sin registro, ya que las \u00faltimas detecciones fueron en 1983 y 1996.<\/strong><\/p>\n\n\n\n<p>A partir de la Alerta Epidemiol\u00f3gica que hab\u00eda emitido el Ministerio de Salud de la Naci\u00f3n,<strong> en funci\u00f3n de la aparici\u00f3n de casos en equinos, se puso en marcha la vigilancia epidemiol\u00f3gica en humanos.<\/strong><\/p>\n\n\n\n<p>El diagn\u00f3stico se obtuvo a partir de muestras que remiti\u00f3 el Hospital \u201cOlga Stucky de Rizzi\u201d, de Reconquista, donde <strong>el paciente se encuentra internado y evoluciona favorablemente.<\/strong><br>Ante los <strong>s\u00edntomas que presentaba y el antecedente de residencia en una regi\u00f3n donde hubo casos confirmados en equinos, se realiz\u00f3 un an\u00e1lisis de las muestras en el Instituto Nacional de Enfermedades Virales Humanas \u201cDr. Julio I. Maiztegui\u201d, del Malbr\u00e1n.<\/strong><\/p>\n\n\n\n<p><strong>De qu\u00e9 se trata<\/strong><\/p>\n\n\n\n<p>La <strong>Encefalitis Equina del Oeste es una enfermedad causada por un virus que se transmite a trav\u00e9s de la picadura de mosquitos infectados que act\u00faan como vectores, principalmente en \u00e1reas rurales.<\/strong> A partir de la detecci\u00f3n viral en caballos, que Senasa inform\u00f3 el 25 de noviembre, el Ministerio de Salud de Naci\u00f3n activ\u00f3 la alerta epidemiol\u00f3gica en todo el pa\u00eds para detectar, a trav\u00e9s de la vigilancia epidemiol\u00f3gica, posibles casos en humanos.<\/p>\n\n\n\n<p>En nuestra provincia, los ministerios de Salud de Santa Fe y de Naci\u00f3n se encuentran trabajando, en conjunto con el Senasa, en las acciones de prevenci\u00f3n, vigilancia epidemiol\u00f3gica y control; al mismo tiempo que lo viene realizando con las otras provincias afectadas por casos de EEO en equinos.<br>\u00a0<br><strong>S\u00edntomas y recomendaciones<\/strong><\/p>\n\n\n\n<p>En humanos, la Encefalitis Equina del Oeste tiene un per\u00edodo de incubaci\u00f3n de 2 a 10 d\u00edas. La mayor\u00eda de los casos son asintom\u00e1ticos o se presentan como cuadros leves con fiebre, cansancio, dolores musculares y malestar general que se resuelven espont\u00e1neamente en 7 a 10 d\u00edas.<\/p>\n\n\n\n<p>Como medidas de prevenci\u00f3n se recomienda el saneamiento ambiental para evitar la proliferaci\u00f3n de mosquitos y la protecci\u00f3n de las personas que trabajan o viven en las inmediaciones de lugares propicios para el desarrollo de mosquitos y donde se alojan caballos. Ante la presencia de s\u00edntomas, se recomienda la consulta m\u00e9dica.<br>\u00a0<br><strong>Casos en equinos<\/strong><\/p>\n\n\n\n<p>A la fecha, el Servicio Nacional de Sanidad y Calidad Agroalimentaria (Senasa) notific\u00f3 920 brotes de la enfermedad EEO en equinos, en 15 provincias del pa\u00eds: Buenos Aires, Santa Fe, C\u00f3rdoba, Entre R\u00edos, Corrientes, Chaco, La Pampa, Santiago del Estero, Formosa y R\u00edo Negro.<\/p>\n","protected":false},"excerpt":{"rendered":"<p>Los resultados se obtuvieron en muestras de un paciente que reside en el departamento de General Obligado, en la provincia de Santa Fe. A partir de la alerta emitida, se ingres\u00f3 el caso como sospechoso y se logr\u00f3 el diagn\u00f3stico mediante el protocolo de estudios de laboratorio en el Instituto Maiztegui. Ante la presentaci\u00f3n de [&hellip;]<\/p>\n","protected":false},"author":3,"featured_media":1567,"comment_status":"closed","ping_status":"open","sticky":false,"template":"","format":"standard","meta":{"tdm_status":"","tdm_grid_status":"","footnotes":""},"categories":[14],"tags":[630,632,631],"class_list":{"0":"post-1565","1":"post","2":"type-post","3":"status-publish","4":"format-standard","5":"has-post-thumbnail","7":"category-provinciales","8":"tag-encefalitis-equina","9":"tag-ministerio-de-salud","10":"tag-paciente"},"_links":{"self":[{"href":"https:\/\/www.noticiasmas.com.ar\/index.php\/wp-json\/wp\/v2\/posts\/1565","targetHints":{"allow":["GET"]}}],"collection":[{"href":"https:\/\/www.noticiasmas.com.ar\/index.php\/wp-json\/wp\/v2\/posts"}],"about":[{"href":"https:\/\/www.noticiasmas.com.ar\/index.php\/wp-json\/wp\/v2\/types\/post"}],"author":[{"embeddable":true,"href":"https:\/\/www.noticiasmas.com.ar\/index.php\/wp-json\/wp\/v2\/users\/3"}],"replies":[{"embeddable":true,"href":"https:\/\/www.noticiasmas.com.ar\/index.php\/wp-json\/wp\/v2\/comments?post=1565"}],"version-history":[{"count":2,"href":"https:\/\/www.noticiasmas.com.ar\/index.php\/wp-json\/wp\/v2\/posts\/1565\/revisions"}],"predecessor-version":[{"id":1568,"href":"https:\/\/www.noticiasmas.com.ar\/index.php\/wp-json\/wp\/v2\/posts\/1565\/revisions\/1568"}],"wp:featuredmedia":[{"embeddable":true,"href":"https:\/\/www.noticiasmas.com.ar\/index.php\/wp-json\/wp\/v2\/media\/1567"}],"wp:attachment":[{"href":"https:\/\/www.noticiasmas.com.ar\/index.php\/wp-json\/wp\/v2\/media?parent=1565"}],"wp:term":[{"taxonomy":"category","embeddable":true,"href":"https:\/\/www.noticiasmas.com.ar\/index.php\/wp-json\/wp\/v2\/categories?post=1565"},{"taxonomy":"post_tag","embeddable":true,"href":"https:\/\/www.noticiasmas.com.ar\/index.php\/wp-json\/wp\/v2\/tags?post=1565"}],"curies":[{"name":"wp","href":"https:\/\/api.w.org\/{rel}","templated":true}]}}