{"id":15661,"date":"2025-06-17T20:13:39","date_gmt":"2025-06-17T23:13:39","guid":{"rendered":"https:\/\/www.noticiasmas.com.ar\/?p=15661"},"modified":"2025-06-17T20:13:43","modified_gmt":"2025-06-17T23:13:43","slug":"en-santa-fe-los-jubilados-y-pensionados-provinciales-ya-no-gastan-mas-del-5-de-sus-haberes-en-medicamentos","status":"publish","type":"post","link":"https:\/\/www.noticiasmas.com.ar\/index.php\/2025\/06\/17\/en-santa-fe-los-jubilados-y-pensionados-provinciales-ya-no-gastan-mas-del-5-de-sus-haberes-en-medicamentos\/","title":{"rendered":"En Santa Fe, los jubilados y pensionados provinciales ya no gastan m\u00e1s del 5 % de sus haberes en medicamentos"},"content":{"rendered":"\n<p>El ministro de Econom\u00eda santafesino, Pablo Olivares, confirm\u00f3 que el Instituto Aut\u00e1rquico Provincial de la Obra Social empez\u00f3 a compensar a jubilados y pensionados provinciales no gasten m\u00e1s del 5 % de sus haberes en medicamentos. Es la primera provincia en implementar un sistema de este tipo. En este caso, fue por adquisiciones de marzo y abril de los afiliados. El monto destinado al recupero para los beneficiarios supera los $ 280 millones.<\/p>\n\n\n\n<p>Pablo Olivares, ministro de Econom\u00eda de Santa Fe, confirm\u00f3 durante una conferencia de prensa que ofreci\u00f3 esta ma\u00f1ana en la capital provincial que en junio comenz\u00f3 la compensaci\u00f3n a jubilados y pensionados provinciales por parte del Iapos (Instituto Aut\u00e1rquico Provincial de la Obra Social), para que no destinen m\u00e1s del 5 % de sus jubilaciones en compra de medicamentos. El monto abonado por la obra social provincial alcanz\u00f3 los $ 283.948.552 y abarca los meses de marzo y abril. Los jubilados y pensionados podr\u00e1n visualizar el pago en sus recibos de haberes, bajo el c\u00f3digo 338 y el concepto \u201cIapos medicamentos\u201d.<\/p>\n\n\n\n<p>De esta manera, tal como anunciara el gobernador Maximiliano Pullaro, Santa Fe se convierte en la primera provincia en compensar el gasto en medicamentos mensual, porque \u201centendemos que no es justo que los jubilados destinen gran parte de su salario a pagar los medicamentos que tienen que tomar\u201d, hab\u00eda destacado el mandatario santafesino al momento del anuncio.<\/p>\n\n\n\n<p>Es importante destacar que para este tr\u00e1mite no hace falta ninguna gesti\u00f3n extra por parte de los afiliados, ya que Iapos dispone la informaci\u00f3n de lo que abon\u00f3 cada jubilado en la farmacia, como as\u00ed tambi\u00e9n el haber jubilatorio, dato que le comparte la Caja de Jubilaciones.<\/p>\n\n\n\n<p>De esta manera, de forma autom\u00e1tica todos los meses se ir\u00e1n acumulando los pagos que el jubilado vaya realizando en farmacias y se ir\u00e1 comparando con los haberes acumulados a partir de marzo.<\/p>\n\n\n\n<p>Cuando los pagos realizados desde el 1\u00b0 de marzo superen al 5 % de los haberes acumulados, Iapos pagar\u00e1 la diferencia cada mes, de tal manera que al final de cada a\u00f1o se garantizar\u00e1 que la diferencia haya sido compensada.<\/p>\n\n\n\n<p><strong>Beneficio in\u00e9dito<\/strong><\/p>\n\n\n\n<p>Este martes, en conferencia de prensa, el ministro de Econom\u00eda, Pablo Olivares, destac\u00f3 la implementaci\u00f3n de esta medida \u201ccon la liquidaci\u00f3n de los recibos de sueldo del mes de mayo, tal cual se hab\u00eda prometido meses atr\u00e1s. Se trata de un beneficio in\u00e9dito -que ninguna otra provincia ni el Estado Nacional aplican- que garantiza que ning\u00fan jubilado ni jubilada de la provincia de Santa Fe tenga que gastar m\u00e1s del 5% de su haber en medicamentos\u201d, subray\u00f3.&nbsp;<\/p>\n\n\n\n<p>A trav\u00e9s de un trabajo articulado entre la Caja de Jubilaciones de la Provincia y Iapos \u201cse\u00a0estableci\u00f3 que el beneficio les corresponde a un total de 5.291 jubilados, por lo cual, en los recibos de haberes se a\u00f1adi\u00f3 un \u00edtem denominado \u2018Iapos medicamentos\u2019 que se incorpora a la liquidaci\u00f3n de sueldos, que compensan el consumo y copago de medicamentos en los meses de marzo y abril y, en aquellos casos en los cuales el monto abonado en medicamentos super\u00f3 el 5 %, se compensa la diferencia\u201d, explic\u00f3 Olivares.<\/p>\n","protected":false},"excerpt":{"rendered":"<p>El ministro de Econom\u00eda santafesino, Pablo Olivares, confirm\u00f3 que el Instituto Aut\u00e1rquico Provincial de la Obra Social empez\u00f3 a compensar a jubilados y pensionados provinciales no gasten m\u00e1s del 5 % de sus haberes en medicamentos. Es la primera provincia en implementar un sistema de este tipo. En este caso, fue por adquisiciones de marzo [&hellip;]<\/p>\n","protected":false},"author":3,"featured_media":15662,"comment_status":"closed","ping_status":"open","sticky":false,"template":"","format":"standard","meta":{"tdm_status":"","tdm_grid_status":"","footnotes":""},"categories":[14],"tags":[654,2179,552,1042,1938,18],"class_list":{"0":"post-15661","1":"post","2":"type-post","3":"status-publish","4":"format-standard","5":"has-post-thumbnail","7":"category-provinciales","8":"tag-beneficios","9":"tag-iapos","10":"tag-jubilados","11":"tag-medicamentos","12":"tag-pensionados","13":"tag-santa-fe"},"_links":{"self":[{"href":"https:\/\/www.noticiasmas.com.ar\/index.php\/wp-json\/wp\/v2\/posts\/15661","targetHints":{"allow":["GET"]}}],"collection":[{"href":"https:\/\/www.noticiasmas.com.ar\/index.php\/wp-json\/wp\/v2\/posts"}],"about":[{"href":"https:\/\/www.noticiasmas.com.ar\/index.php\/wp-json\/wp\/v2\/types\/post"}],"author":[{"embeddable":true,"href":"https:\/\/www.noticiasmas.com.ar\/index.php\/wp-json\/wp\/v2\/users\/3"}],"replies":[{"embeddable":true,"href":"https:\/\/www.noticiasmas.com.ar\/index.php\/wp-json\/wp\/v2\/comments?post=15661"}],"version-history":[{"count":1,"href":"https:\/\/www.noticiasmas.com.ar\/index.php\/wp-json\/wp\/v2\/posts\/15661\/revisions"}],"predecessor-version":[{"id":15663,"href":"https:\/\/www.noticiasmas.com.ar\/index.php\/wp-json\/wp\/v2\/posts\/15661\/revisions\/15663"}],"wp:featuredmedia":[{"embeddable":true,"href":"https:\/\/www.noticiasmas.com.ar\/index.php\/wp-json\/wp\/v2\/media\/15662"}],"wp:attachment":[{"href":"https:\/\/www.noticiasmas.com.ar\/index.php\/wp-json\/wp\/v2\/media?parent=15661"}],"wp:term":[{"taxonomy":"category","embeddable":true,"href":"https:\/\/www.noticiasmas.com.ar\/index.php\/wp-json\/wp\/v2\/categories?post=15661"},{"taxonomy":"post_tag","embeddable":true,"href":"https:\/\/www.noticiasmas.com.ar\/index.php\/wp-json\/wp\/v2\/tags?post=15661"}],"curies":[{"name":"wp","href":"https:\/\/api.w.org\/{rel}","templated":true}]}}