{"id":15681,"date":"2025-06-18T19:28:03","date_gmt":"2025-06-18T22:28:03","guid":{"rendered":"https:\/\/www.noticiasmas.com.ar\/?p=15681"},"modified":"2025-06-18T19:28:07","modified_gmt":"2025-06-18T22:28:07","slug":"san-lorenzo-celebrara-el-dia-de-la-bandera-con-un-gran-festival-patriotico-en-el-campo-de-la-gloria","status":"publish","type":"post","link":"https:\/\/www.noticiasmas.com.ar\/index.php\/2025\/06\/18\/san-lorenzo-celebrara-el-dia-de-la-bandera-con-un-gran-festival-patriotico-en-el-campo-de-la-gloria\/","title":{"rendered":"San Lorenzo celebrar\u00e1 el D\u00eda de la Bandera con un gran festival patri\u00f3tico en el Campo de la Gloria"},"content":{"rendered":"\n<p><strong>La jornada se desarrollar\u00e1 este viernes desde las 12 h, con la actuaci\u00f3n del D\u00fao Coplanacu, presentaciones de agrupaciones folcl\u00f3ricas locales y juegos para los chicos. Adem\u00e1s se ofrecer\u00e1n comidas t\u00edpicas, como asado y locro, a cargo de instituciones de la ciudad. En el Convento San Carlos se desarrollar\u00e1 \u201cUniverso San Mart\u00edn\u201d, una muestra que incluir\u00e1 diversas piezas del Combate de San Lorenzo nunca antes exhibidas al p\u00fablico.<\/strong><\/p>\n\n\n\n<p>Este viernes 20 de junio, desde las 12 h, San Lorenzo celebrar\u00e1 el D\u00eda de la Bandera con un gran festival patri\u00f3tico en el Campo de la Gloria. El evento contar\u00e1 con la presentaci\u00f3n del D\u00fao Coplanacu, que desde las 14.20 interpretar\u00e1 su tradicional repertorio de canto, bombo y guitarra. Antes y despu\u00e9s del espect\u00e1culo central se presentar\u00e1n agrupaciones folcl\u00f3ricas y academias de danza locales.<\/p>\n\n\n\n<p>En el mismo espacio hist\u00f3rico, acondicionado para la ocasi\u00f3n, habr\u00e1 un parque inflable, juegos recreativos para los chicos y streaming en vivo. Tambi\u00e9n se desplegar\u00e1 una exposici\u00f3n de autos antiguos.<\/p>\n\n\n\n<p>Asimismo, instituciones locales realizar\u00e1n asado, locro y empanadas, que vender\u00e1n con el fin de recaudar fondos para el fortalecimiento de su servicio comunitario.<\/p>\n\n\n\n<p>Paralelamente, en el Convento San Carlos se llevar\u00e1 a cabo la exposici\u00f3n \u201cUniverso San Mart\u00edn\u201d, que ofrecer\u00e1 al p\u00fablico elementos in\u00e9ditos de su glorioso paso por San Lorenzo. Se exhibir\u00e1 material b\u00e9lico del combate, una carta del Padre de la Patria y vestimentas y utensilios lit\u00fargicos usados en el tedeum posterior a la justa, entre otras piezas. Adem\u00e1s se dispondr\u00e1n diez estaciones de realidad virtual de \u00faltima generaci\u00f3n que permitir\u00e1n acceder a una experiencia inmersiva en el entorno del enfrentamiento b\u00e9lico del 3 de febrero de 1813.<\/p>\n\n\n\n<p>Las actividades oficiales comenzar\u00e1n m\u00e1s temprano, a las 10 h, con el tedeum en la iglesia San Lorenzo M\u00e1rtir. Luego, a las 11 h en el Campo de la Gloria, tendr\u00e1 lugar el acto oficial, que ser\u00e1 presidido por el intendente Leonardo Raimundo.<\/p>\n\n\n\n<p><strong>Actividades<\/strong><\/p>\n\n\n\n<p>10 h \u2013 Tedeum en la iglesia San Lorenzo M\u00e1rtir<br>11 h \u2013 Acto oficial en el Campo de la Gloria<br>12 h \u2013 Exposici\u00f3n \u201cUniverso San Mart\u00edn\u201d (Museo Conventual San Carlos)<\/p>\n\n\n\n<p><strong>Escenario principal \u2013 Campo de la Gloria<br><\/strong>De 12 a 14 h: agrupaciones folcl\u00f3ricas y cuerpos de danzas de la ciudad.<br>De 14.20 a 15.30 h: show del D\u00fao Coplanacu.<br>De 15.30 a 18 h: agrupaciones folcl\u00f3ricas y cuerpos de danzas de la ciudad.<\/p>\n\n\n\n<p><strong>Desde las 12 h \u2013 Campo de la Gloria<br><\/strong>Food truck \u2013 Parque gastron\u00f3mico \u2013 Parque inflable y juegos Recreativos.<br>Radio Shock FM 106.5 (streaming en vivo) \u2013 Exposici\u00f3n de autos antiguos y asadores en vivo, venta de locro y empanadas \u2013 Ecocanje (de 15.30 a 17 h).<\/p>\n","protected":false},"excerpt":{"rendered":"<p>La jornada se desarrollar\u00e1 este viernes desde las 12 h, con la actuaci\u00f3n del D\u00fao Coplanacu, presentaciones de agrupaciones folcl\u00f3ricas locales y juegos para los chicos. Adem\u00e1s se ofrecer\u00e1n comidas t\u00edpicas, como asado y locro, a cargo de instituciones de la ciudad. En el Convento San Carlos se desarrollar\u00e1 \u201cUniverso San Mart\u00edn\u201d, una muestra que [&hellip;]<\/p>\n","protected":false},"author":5,"featured_media":15682,"comment_status":"closed","ping_status":"open","sticky":false,"template":"","format":"standard","meta":{"tdm_status":"","tdm_grid_status":"","footnotes":""},"categories":[13],"tags":[1488,2454,4734,58],"class_list":{"0":"post-15681","1":"post","2":"type-post","3":"status-publish","4":"format-standard","5":"has-post-thumbnail","7":"category-region","8":"tag-campo-de-la-gloria","9":"tag-dia-de-la-bandera","10":"tag-duo-coplanacu","11":"tag-san-lorenzo"},"_links":{"self":[{"href":"https:\/\/www.noticiasmas.com.ar\/index.php\/wp-json\/wp\/v2\/posts\/15681","targetHints":{"allow":["GET"]}}],"collection":[{"href":"https:\/\/www.noticiasmas.com.ar\/index.php\/wp-json\/wp\/v2\/posts"}],"about":[{"href":"https:\/\/www.noticiasmas.com.ar\/index.php\/wp-json\/wp\/v2\/types\/post"}],"author":[{"embeddable":true,"href":"https:\/\/www.noticiasmas.com.ar\/index.php\/wp-json\/wp\/v2\/users\/5"}],"replies":[{"embeddable":true,"href":"https:\/\/www.noticiasmas.com.ar\/index.php\/wp-json\/wp\/v2\/comments?post=15681"}],"version-history":[{"count":1,"href":"https:\/\/www.noticiasmas.com.ar\/index.php\/wp-json\/wp\/v2\/posts\/15681\/revisions"}],"predecessor-version":[{"id":15683,"href":"https:\/\/www.noticiasmas.com.ar\/index.php\/wp-json\/wp\/v2\/posts\/15681\/revisions\/15683"}],"wp:featuredmedia":[{"embeddable":true,"href":"https:\/\/www.noticiasmas.com.ar\/index.php\/wp-json\/wp\/v2\/media\/15682"}],"wp:attachment":[{"href":"https:\/\/www.noticiasmas.com.ar\/index.php\/wp-json\/wp\/v2\/media?parent=15681"}],"wp:term":[{"taxonomy":"category","embeddable":true,"href":"https:\/\/www.noticiasmas.com.ar\/index.php\/wp-json\/wp\/v2\/categories?post=15681"},{"taxonomy":"post_tag","embeddable":true,"href":"https:\/\/www.noticiasmas.com.ar\/index.php\/wp-json\/wp\/v2\/tags?post=15681"}],"curies":[{"name":"wp","href":"https:\/\/api.w.org\/{rel}","templated":true}]}}