{"id":15687,"date":"2025-06-19T08:51:54","date_gmt":"2025-06-19T11:51:54","guid":{"rendered":"https:\/\/www.noticiasmas.com.ar\/?p=15687"},"modified":"2025-06-19T08:51:57","modified_gmt":"2025-06-19T11:51:57","slug":"milei-rechazo-venir-a-rosario-para-el-dia-de-la-bandera-y-organiza-un-acto-en-capital","status":"publish","type":"post","link":"https:\/\/www.noticiasmas.com.ar\/index.php\/2025\/06\/19\/milei-rechazo-venir-a-rosario-para-el-dia-de-la-bandera-y-organiza-un-acto-en-capital\/","title":{"rendered":"Milei rechaz\u00f3 venir a Rosario para el D\u00eda de la Bandera y organiza un acto en Capital"},"content":{"rendered":"\n<p>El presidente Javier Milei rechaz\u00f3 la invitaci\u00f3n formal de la Municipalidad de Rosario para asistir al acto central por el D\u00eda de la Bandera en el hist\u00f3rico Monumento a la Bandera.&nbsp;<\/p>\n\n\n\n<p>El presidente, sin embargo, organizar\u00e1 en el Campo Argentino de Polo un acto nacional por el feriado patrio, con una jura a la bandera para los chicos en un acto centrado principalmente hacia su militancia.<\/p>\n\n\n\n<p>El a\u00f1o pasado, Milei se hab\u00eda sumado al acto central del D\u00eda de la Bandera en Rosario, frente al Monumento a la Bandera, pero la Municipalidad confirm\u00f3 que este a\u00f1o el Presidente rechaz\u00f3 la invitaci\u00f3n.<\/p>\n\n\n\n<p>En ese marco, el viernes a las 10 se har\u00e1 la ceremonia en Rosario, encabezada por el gobernador de Santa Fe, Maximiliano Pullaro, y el intendente local, Pablo Javkin. Por el lado de las autoridades nacionales, a\u00fan se desconoce si la Casa Rosada iba a enviar a un representante oficial al acto.<\/p>\n\n\n\n<p>All\u00ed, el a\u00f1o pasado, Milei en su discurso hab\u00eda definido a Belgrano como un &#8220;maximalista de la libertad&#8221; y en l\u00ednea con su discurso libertario, el mandatario recalc\u00f3 que el pr\u00f3cer entend\u00eda que &#8220;\u00e9ramos libres o no lo \u00e9ramos&#8221;.<\/p>\n","protected":false},"excerpt":{"rendered":"<p>El presidente Javier Milei rechaz\u00f3 la invitaci\u00f3n formal de la Municipalidad de Rosario para asistir al acto central por el D\u00eda de la Bandera en el hist\u00f3rico Monumento a la Bandera.&nbsp; El presidente, sin embargo, organizar\u00e1 en el Campo Argentino de Polo un acto nacional por el feriado patrio, con una jura a la bandera [&hellip;]<\/p>\n","protected":false},"author":9,"featured_media":15688,"comment_status":"closed","ping_status":"open","sticky":false,"template":"","format":"standard","meta":{"tdm_status":"","tdm_grid_status":"","footnotes":""},"categories":[8],"tags":[2454,60,218],"class_list":{"0":"post-15687","1":"post","2":"type-post","3":"status-publish","4":"format-standard","5":"has-post-thumbnail","7":"category-politica","8":"tag-dia-de-la-bandera","9":"tag-javier-milei","10":"tag-nacionales"},"_links":{"self":[{"href":"https:\/\/www.noticiasmas.com.ar\/index.php\/wp-json\/wp\/v2\/posts\/15687","targetHints":{"allow":["GET"]}}],"collection":[{"href":"https:\/\/www.noticiasmas.com.ar\/index.php\/wp-json\/wp\/v2\/posts"}],"about":[{"href":"https:\/\/www.noticiasmas.com.ar\/index.php\/wp-json\/wp\/v2\/types\/post"}],"author":[{"embeddable":true,"href":"https:\/\/www.noticiasmas.com.ar\/index.php\/wp-json\/wp\/v2\/users\/9"}],"replies":[{"embeddable":true,"href":"https:\/\/www.noticiasmas.com.ar\/index.php\/wp-json\/wp\/v2\/comments?post=15687"}],"version-history":[{"count":1,"href":"https:\/\/www.noticiasmas.com.ar\/index.php\/wp-json\/wp\/v2\/posts\/15687\/revisions"}],"predecessor-version":[{"id":15689,"href":"https:\/\/www.noticiasmas.com.ar\/index.php\/wp-json\/wp\/v2\/posts\/15687\/revisions\/15689"}],"wp:featuredmedia":[{"embeddable":true,"href":"https:\/\/www.noticiasmas.com.ar\/index.php\/wp-json\/wp\/v2\/media\/15688"}],"wp:attachment":[{"href":"https:\/\/www.noticiasmas.com.ar\/index.php\/wp-json\/wp\/v2\/media?parent=15687"}],"wp:term":[{"taxonomy":"category","embeddable":true,"href":"https:\/\/www.noticiasmas.com.ar\/index.php\/wp-json\/wp\/v2\/categories?post=15687"},{"taxonomy":"post_tag","embeddable":true,"href":"https:\/\/www.noticiasmas.com.ar\/index.php\/wp-json\/wp\/v2\/tags?post=15687"}],"curies":[{"name":"wp","href":"https:\/\/api.w.org\/{rel}","templated":true}]}}