{"id":15699,"date":"2025-06-19T18:13:24","date_gmt":"2025-06-19T21:13:24","guid":{"rendered":"https:\/\/www.noticiasmas.com.ar\/?p=15699"},"modified":"2025-06-19T18:13:27","modified_gmt":"2025-06-19T21:13:27","slug":"de-grandis-reconocio-el-merito-educativo-de-abanderados-y-escoltas-de-establecimientos-educativos-de-la-ciudad","status":"publish","type":"post","link":"https:\/\/www.noticiasmas.com.ar\/index.php\/2025\/06\/19\/de-grandis-reconocio-el-merito-educativo-de-abanderados-y-escoltas-de-establecimientos-educativos-de-la-ciudad\/","title":{"rendered":"De Grandis reconoci\u00f3 el m\u00e9rito educativo de abanderados y escoltas de establecimientos educativos de la ciudad"},"content":{"rendered":"\n<p>El intendente municipal, Carlos De Grandis, presidi\u00f3 esta ma\u00f1ana en el Teatro Municipal el acto de reconocimiento al m\u00e9rito educativo a abanderados y escoltas de las escuelas de la ciudad. Con mucho amor, se reconoci\u00f3 el esfuerzo de los j\u00f3venes de escuelas primarias, secundarias, terciarias y de la Escuela Especial, en estudiar y esmerarse para tener un futuro mejor y fortaleciendo los valores personales.<\/p>\n\n\n\n<p>En total, unos 112 alumnos abanderados y escoltas de las banderas nacional, provincial, local, y papal en el caso de las escuelas religiosas, fueron homenajeados.<\/p>\n\n\n\n<p>Estuvieron presentes el presidente del Concejo Municipal, Juan Manuel De Grandis, los concejales Sonia Grassano, Joana Passoni y Maximiliano De Grandis, los secretarios de Gobierno, Vanina Matassa, de Educaci\u00f3n y Cultura, Sebasti\u00e1n Lezcano, de Desarrollo Social, docentes, directivos, alumnos y familiares.<\/p>\n\n\n\n<p>Las autoridades subieron al escenario mayor para entregar a cada uno de ellos su diploma y vivir un momento cargado de emoci\u00f3n, inolvidable para las familias que los acompa\u00f1aron a vivir esta jornada. Se reconoci\u00f3 a los alumnos de la Escuela Especial y con ellos el esfuerzo de sus familias para crecer d\u00eda a d\u00eda.<\/p>\n\n\n\n<figure class=\"wp-block-image\"><img decoding=\"async\" src=\"https:\/\/lalupamedios.com.ar\/download\/multimedia.normal.99597b664634d121.bm9ybWFsLndlYnA%3D.webp\" alt=\"reconocimiento alumnos puerto.\"\/><\/figure>\n\n\n\n<p><a href=\"https:\/\/www.facebook.com\/sharer\/sharer.php?u=https:\/\/lalupamedios.com.ar\/contenido\/27856\/de-grandis-reconocio-el-merito-educativo-de-abanderados-y-escoltas-de-establecim\" target=\"_blank\" rel=\"noreferrer noopener\"><\/a><a href=\"https:\/\/twitter.com\/intent\/tweet?url=https:\/\/lalupamedios.com.ar\/contenido\/27856\/de-grandis-reconocio-el-merito-educativo-de-abanderados-y-escoltas-de-establecim&amp;text=De%20Grandis%20reconoci%C3%B3%20el%20m%C3%A9rito%20educativo%20de%20abanderados%20y%20escoltas%20de%20establecimientos%20educativos%20de%20la%20ciudad\" target=\"_blank\" rel=\"noreferrer noopener\"><\/a><a href=\"https:\/\/api.whatsapp.com\/send?text=De%20Grandis%20reconoci%C3%B3%20el%20m%C3%A9rito%20educativo%20de%20abanderados%20y%20escoltas%20de%20establecimientos%20educativos%20de%20la%20ciudad+https:\/\/lalupamedios.com.ar\/contenido\/27856\/de-grandis-reconocio-el-merito-educativo-de-abanderados-y-escoltas-de-establecim\" target=\"_blank\" rel=\"noreferrer noopener\"><\/a><a href=\"https:\/\/t.me\/share\/url?url=https:\/\/lalupamedios.com.ar\/contenido\/27856\/de-grandis-reconocio-el-merito-educativo-de-abanderados-y-escoltas-de-establecim&amp;text=De%20Grandis%20reconoci%C3%B3%20el%20m%C3%A9rito%20educativo%20de%20abanderados%20y%20escoltas%20de%20establecimientos%20educativos%20de%20la%20ciudad\" target=\"_blank\" rel=\"noreferrer noopener\"><\/a><\/p>\n","protected":false},"excerpt":{"rendered":"<p>El intendente municipal, Carlos De Grandis, presidi\u00f3 esta ma\u00f1ana en el Teatro Municipal el acto de reconocimiento al m\u00e9rito educativo a abanderados y escoltas de las escuelas de la ciudad. Con mucho amor, se reconoci\u00f3 el esfuerzo de los j\u00f3venes de escuelas primarias, secundarias, terciarias y de la Escuela Especial, en estudiar y esmerarse para [&hellip;]<\/p>\n","protected":false},"author":3,"featured_media":15700,"comment_status":"closed","ping_status":"open","sticky":false,"template":"","format":"standard","meta":{"tdm_status":"","tdm_grid_status":"","footnotes":""},"categories":[13],"tags":[198,252,1654,2340],"class_list":{"0":"post-15699","1":"post","2":"type-post","3":"status-publish","4":"format-standard","5":"has-post-thumbnail","7":"category-region","8":"tag-alumnos","9":"tag-de-grandis","10":"tag-puerto-gral-san-martin","11":"tag-reconocimiento"},"_links":{"self":[{"href":"https:\/\/www.noticiasmas.com.ar\/index.php\/wp-json\/wp\/v2\/posts\/15699","targetHints":{"allow":["GET"]}}],"collection":[{"href":"https:\/\/www.noticiasmas.com.ar\/index.php\/wp-json\/wp\/v2\/posts"}],"about":[{"href":"https:\/\/www.noticiasmas.com.ar\/index.php\/wp-json\/wp\/v2\/types\/post"}],"author":[{"embeddable":true,"href":"https:\/\/www.noticiasmas.com.ar\/index.php\/wp-json\/wp\/v2\/users\/3"}],"replies":[{"embeddable":true,"href":"https:\/\/www.noticiasmas.com.ar\/index.php\/wp-json\/wp\/v2\/comments?post=15699"}],"version-history":[{"count":1,"href":"https:\/\/www.noticiasmas.com.ar\/index.php\/wp-json\/wp\/v2\/posts\/15699\/revisions"}],"predecessor-version":[{"id":15701,"href":"https:\/\/www.noticiasmas.com.ar\/index.php\/wp-json\/wp\/v2\/posts\/15699\/revisions\/15701"}],"wp:featuredmedia":[{"embeddable":true,"href":"https:\/\/www.noticiasmas.com.ar\/index.php\/wp-json\/wp\/v2\/media\/15700"}],"wp:attachment":[{"href":"https:\/\/www.noticiasmas.com.ar\/index.php\/wp-json\/wp\/v2\/media?parent=15699"}],"wp:term":[{"taxonomy":"category","embeddable":true,"href":"https:\/\/www.noticiasmas.com.ar\/index.php\/wp-json\/wp\/v2\/categories?post=15699"},{"taxonomy":"post_tag","embeddable":true,"href":"https:\/\/www.noticiasmas.com.ar\/index.php\/wp-json\/wp\/v2\/tags?post=15699"}],"curies":[{"name":"wp","href":"https:\/\/api.w.org\/{rel}","templated":true}]}}