{"id":15702,"date":"2025-06-19T18:15:43","date_gmt":"2025-06-19T21:15:43","guid":{"rendered":"https:\/\/www.noticiasmas.com.ar\/?p=15702"},"modified":"2025-06-19T18:15:46","modified_gmt":"2025-06-19T21:15:46","slug":"alumnos-de-san-lorenzo-y-todo-el-pais-prometieron-lealtad-a-la-bandera-en-el-campo-de-la-gloria","status":"publish","type":"post","link":"https:\/\/www.noticiasmas.com.ar\/index.php\/2025\/06\/19\/alumnos-de-san-lorenzo-y-todo-el-pais-prometieron-lealtad-a-la-bandera-en-el-campo-de-la-gloria\/","title":{"rendered":"Alumnos de San Lorenzo y todo el pa\u00eds prometieron lealtad a la bandera en el Campo de la Gloria"},"content":{"rendered":"\n<p>El acto, encabezado por el intendente Leonardo Raimundo, cont\u00f3 con la participaci\u00f3n de 1.600 alumnos de 4\u00ba grado que asisten a escuelas de nuestra ciudad y de diferentes provincias argentinas. La promesa fue tomada por el presidente del Centro de Veteranos \u201cCombate de San Lorenzo\u201d, Ernesto Arag\u00f3n.<\/p>\n\n\n\n<p>En un acto celebrado este mi\u00e9rcoles por la tarde frente al Campo de la Gloria, prometieron lealtad a la bandera 1600 alumnos de 4\u00ba grado, de escuelas locales y de diferentes puntos del pa\u00eds. Como todos los a\u00f1os, la actividad, organizada por la Municipalidad de San Lorenzo, se desarroll\u00f3 en la previa del D\u00eda de la Bandera. Fue encabezada por el intendente Leonardo Raimundo, en compa\u00f1\u00eda del concejal Gustavo Oggero.<\/p>\n\n\n\n<p>La ceremonia comenz\u00f3 con el ingreso de las banderas de ceremonia, portadas por los alumnos de la escuela N\u00ba 182 Mart\u00edn Miguel de G\u00fcemes, en el marco del 204\u00ba aniversario de la muerte del pr\u00f3cer que da nombre a la instituci\u00f3n. Su custodia estuvo a cargo de los granaderos del destacamento \u201cCampo de la Gloria\u201d.<\/p>\n\n\n\n<p>A continuaci\u00f3n, se enton\u00f3 con emoci\u00f3n patri\u00f3tica el Himno Nacional y la Marcha San Lorenzo, interpretados por los coros de se\u00f1as Manos Libres y Manos Unidas.<\/p>\n\n\n\n<p>Luego, el presidente del centro de veteranos de guerra \u201cCombate de San Lorenzo\u201d, Ernesto Arag\u00f3n, se dirigi\u00f3 a los chicos: \u201cDesde este a\u00f1o, los veteranos de guerra tenemos el honor de tomarles la promesa a la bandera, lo mismo que hicimos nosotros hace a\u00f1os, cuando juramos defenderla hasta perder la vida. Y vaya si lo hicimos: en la guerra perdimos 649 compa\u00f1eros en defensa de ese s\u00edmbolo que hoy portan ustedes, los abanderados\u201d.<\/p>\n\n\n\n<p>Finalmente, el ex combatiente les tom\u00f3 la promesa: \u201cEsta bandera celeste y blanca representa la Patria de los argentinos, ella es s\u00edmbolo constante de nuestra identidad y en sus colores est\u00e1n presentes los hechos hist\u00f3ricos protagonizados por nuestro pueblo que a\u00fan hoy siguen fortaleci\u00e9ndonos como argentinos. \u00bfPrometen que en cada peque\u00f1a tarea responsablemente asumida van a quererla, respetarla y rendirle el homenaje que ella merece?\u201d, y ellos respondieron con un conmovedor: \u201c\u00a1S\u00ed, prometemos!\u201d.<\/p>\n\n\n\n<p>La ceremonia finaliz\u00f3 con la entonaci\u00f3n de la marcha Mi bandera y el retiro de las banderas de ceremonia.<\/p>\n\n\n\n<p><a href=\"https:\/\/www.facebook.com\/sharer\/sharer.php?u=https:\/\/lalupamedios.com.ar\/contenido\/27860\/alumnos-de-san-lorenzo-y-todo-el-pais-prometieron-lealtad-a-la-bandera-en-el-cam\" target=\"_blank\" rel=\"noreferrer noopener\"><\/a><a href=\"https:\/\/twitter.com\/intent\/tweet?url=https:\/\/lalupamedios.com.ar\/contenido\/27860\/alumnos-de-san-lorenzo-y-todo-el-pais-prometieron-lealtad-a-la-bandera-en-el-cam&amp;text=Alumnos%20de%20San%20Lorenzo%20y%20todo%20el%20pa%C3%ADs%20prometieron%20lealtad%20a%20la%20bandera%20en%20el%20Campo%20de%20la%20Gloria\" target=\"_blank\" rel=\"noreferrer noopener\"><\/a><a href=\"https:\/\/api.whatsapp.com\/send?text=Alumnos%20de%20San%20Lorenzo%20y%20todo%20el%20pa%C3%ADs%20prometieron%20lealtad%20a%20la%20bandera%20en%20el%20Campo%20de%20la%20Gloria+https:\/\/lalupamedios.com.ar\/contenido\/27860\/alumnos-de-san-lorenzo-y-todo-el-pais-prometieron-lealtad-a-la-bandera-en-el-cam\" target=\"_blank\" rel=\"noreferrer noopener\"><\/a><a href=\"https:\/\/t.me\/share\/url?url=https:\/\/lalupamedios.com.ar\/contenido\/27860\/alumnos-de-san-lorenzo-y-todo-el-pais-prometieron-lealtad-a-la-bandera-en-el-cam&amp;text=Alumnos%20de%20San%20Lorenzo%20y%20todo%20el%20pa%C3%ADs%20prometieron%20lealtad%20a%20la%20bandera%20en%20el%20Campo%20de%20la%20Gloria\" target=\"_blank\" rel=\"noreferrer noopener\"><\/a><\/p>\n","protected":false},"excerpt":{"rendered":"<p>El acto, encabezado por el intendente Leonardo Raimundo, cont\u00f3 con la participaci\u00f3n de 1.600 alumnos de 4\u00ba grado que asisten a escuelas de nuestra ciudad y de diferentes provincias argentinas. La promesa fue tomada por el presidente del Centro de Veteranos \u201cCombate de San Lorenzo\u201d, Ernesto Arag\u00f3n. En un acto celebrado este mi\u00e9rcoles por la [&hellip;]<\/p>\n","protected":false},"author":3,"featured_media":15703,"comment_status":"closed","ping_status":"open","sticky":false,"template":"","format":"standard","meta":{"tdm_status":"","tdm_grid_status":"","footnotes":""},"categories":[13],"tags":[198,1488,4738,58],"class_list":{"0":"post-15702","1":"post","2":"type-post","3":"status-publish","4":"format-standard","5":"has-post-thumbnail","7":"category-region","8":"tag-alumnos","9":"tag-campo-de-la-gloria","10":"tag-lealtad-a-la-bandera","11":"tag-san-lorenzo"},"_links":{"self":[{"href":"https:\/\/www.noticiasmas.com.ar\/index.php\/wp-json\/wp\/v2\/posts\/15702","targetHints":{"allow":["GET"]}}],"collection":[{"href":"https:\/\/www.noticiasmas.com.ar\/index.php\/wp-json\/wp\/v2\/posts"}],"about":[{"href":"https:\/\/www.noticiasmas.com.ar\/index.php\/wp-json\/wp\/v2\/types\/post"}],"author":[{"embeddable":true,"href":"https:\/\/www.noticiasmas.com.ar\/index.php\/wp-json\/wp\/v2\/users\/3"}],"replies":[{"embeddable":true,"href":"https:\/\/www.noticiasmas.com.ar\/index.php\/wp-json\/wp\/v2\/comments?post=15702"}],"version-history":[{"count":1,"href":"https:\/\/www.noticiasmas.com.ar\/index.php\/wp-json\/wp\/v2\/posts\/15702\/revisions"}],"predecessor-version":[{"id":15704,"href":"https:\/\/www.noticiasmas.com.ar\/index.php\/wp-json\/wp\/v2\/posts\/15702\/revisions\/15704"}],"wp:featuredmedia":[{"embeddable":true,"href":"https:\/\/www.noticiasmas.com.ar\/index.php\/wp-json\/wp\/v2\/media\/15703"}],"wp:attachment":[{"href":"https:\/\/www.noticiasmas.com.ar\/index.php\/wp-json\/wp\/v2\/media?parent=15702"}],"wp:term":[{"taxonomy":"category","embeddable":true,"href":"https:\/\/www.noticiasmas.com.ar\/index.php\/wp-json\/wp\/v2\/categories?post=15702"},{"taxonomy":"post_tag","embeddable":true,"href":"https:\/\/www.noticiasmas.com.ar\/index.php\/wp-json\/wp\/v2\/tags?post=15702"}],"curies":[{"name":"wp","href":"https:\/\/api.w.org\/{rel}","templated":true}]}}