{"id":15715,"date":"2025-06-20T19:50:01","date_gmt":"2025-06-20T22:50:01","guid":{"rendered":"https:\/\/www.noticiasmas.com.ar\/?p=15715"},"modified":"2025-06-20T19:50:04","modified_gmt":"2025-06-20T22:50:04","slug":"el-campo-de-la-gloria-se-vistio-de-celeste-y-blanco-para-celebrar-a-la-bandera-argentina","status":"publish","type":"post","link":"https:\/\/www.noticiasmas.com.ar\/index.php\/2025\/06\/20\/el-campo-de-la-gloria-se-vistio-de-celeste-y-blanco-para-celebrar-a-la-bandera-argentina\/","title":{"rendered":"El Campo de la Gloria se visti\u00f3 de celeste y blanco para celebrar a la bandera argentina"},"content":{"rendered":"\n<p><strong>San Lorenzo conmemor\u00f3 el D\u00eda de la Bandera con un festival patri\u00f3tico que incluy\u00f3 la actuaci\u00f3n del D\u00fao Coplanacu, grupos folcl\u00f3ricos locales, feria de emprendedores, juegos y trivias para chicos. Adem\u00e1s hubo jornada de Museos Abiertos, con la apertura de una muestra en el convento que incluye elementos de San Mart\u00edn nunca antes exhibidos al p\u00fablico.<\/strong><\/p>\n\n\n\n<p>Este viernes 20 de junio, desde el mediod\u00eda, San Lorenzo celebr\u00f3 el D\u00eda de la Bandera con un gran festival patri\u00f3tico en el Campo de la Gloria, que convoc\u00f3 a miles de vecinos y visitantes. El evento tuvo como n\u00famero central la presentaci\u00f3n del D\u00fao Coplanacu, que interpret\u00f3 su tradicional repertorio de canto, bombo y guitarra. Antes y despu\u00e9s del espect\u00e1culo principal actuaron agrupaciones folcl\u00f3ricas y academias de danza locales.<\/p>\n\n\n\n<p>El espacio hist\u00f3rico fue acondicionado especialmente para la ocasi\u00f3n y ofreci\u00f3 una amplia variedad de atractivos para toda la familia. Se desarroll\u00f3 una feria de emprendedores con productos de los m\u00e1s diversos rubros, mientras que los m\u00e1s peque\u00f1os disfrutaron de un parque inflable, juegos recreativos y trivias. Tambi\u00e9n hubo una exposici\u00f3n de autos antiguos y una transmisi\u00f3n v\u00eda streaming.<\/p>\n\n\n\n<p>Por su parte, instituciones locales prepararon y vendieron asado, locro y empanadas, con el objetivo de recaudar fondos destinados al fortalecimiento de sus actividades comunitarias.<\/p>\n\n\n\n<figure class=\"wp-block-image size-large\"><img loading=\"lazy\" decoding=\"async\" width=\"1024\" height=\"682\" src=\"https:\/\/www.noticiasmas.com.ar\/wp-content\/uploads\/2025\/06\/acto-bandera-granaderitos-1024x682.jpg\" alt=\"\" class=\"wp-image-15716\" srcset=\"https:\/\/www.noticiasmas.com.ar\/wp-content\/uploads\/2025\/06\/acto-bandera-granaderitos-1024x682.jpg 1024w, https:\/\/www.noticiasmas.com.ar\/wp-content\/uploads\/2025\/06\/acto-bandera-granaderitos-300x200.jpg 300w, https:\/\/www.noticiasmas.com.ar\/wp-content\/uploads\/2025\/06\/acto-bandera-granaderitos-768x511.jpg 768w, https:\/\/www.noticiasmas.com.ar\/wp-content\/uploads\/2025\/06\/acto-bandera-granaderitos-150x100.jpg 150w, https:\/\/www.noticiasmas.com.ar\/wp-content\/uploads\/2025\/06\/acto-bandera-granaderitos-696x463.jpg 696w, https:\/\/www.noticiasmas.com.ar\/wp-content\/uploads\/2025\/06\/acto-bandera-granaderitos-1068x711.jpg 1068w, https:\/\/www.noticiasmas.com.ar\/wp-content\/uploads\/2025\/06\/acto-bandera-granaderitos.jpg 1200w\" sizes=\"auto, (max-width: 1024px) 100vw, 1024px\" \/><\/figure>\n\n\n\n<p>En paralelo, en el Convento San Carlos se llev\u00f3 a cabo la exposici\u00f3n Universo San Mart\u00edn, que ofreci\u00f3 al p\u00fablico elementos in\u00e9ditos del glorioso paso del Libertador por San Lorenzo. Se exhibieron piezas b\u00e9licas del combate, una carta escrita por el propio General San Mart\u00edn, as\u00ed como vestimentas y utensilios lit\u00fargicos utilizados en el tedeum posterior a la gesta, entre otras piezas.<\/p>\n\n\n\n<p>Adem\u00e1s, los visitantes pudieron experimentar una recreaci\u00f3n inmersiva del enfrentamiento del 3 de febrero de 1813 a trav\u00e9s de estaciones de realidad virtual. La apertura de la muestra tuvo lugar en el marco de una jornada de Museos Abiertos.<\/p>\n\n\n\n<p>Las actividades oficiales comenzaron m\u00e1s temprano, a las 10 h, con el tedeum en la Parroquia San Lorenzo M\u00e1rtir. Luego, a las 11 h, se realiz\u00f3 el acto oficial en el Campo de la Gloria, presidido por el intendente Leonardo Raimundo en compa\u00f1\u00eda del concejal Gustavo Oggero.<\/p>\n","protected":false},"excerpt":{"rendered":"<p>San Lorenzo conmemor\u00f3 el D\u00eda de la Bandera con un festival patri\u00f3tico que incluy\u00f3 la actuaci\u00f3n del D\u00fao Coplanacu, grupos folcl\u00f3ricos locales, feria de emprendedores, juegos y trivias para chicos. Adem\u00e1s hubo jornada de Museos Abiertos, con la apertura de una muestra en el convento que incluye elementos de San Mart\u00edn nunca antes exhibidos al [&hellip;]<\/p>\n","protected":false},"author":5,"featured_media":15717,"comment_status":"closed","ping_status":"open","sticky":false,"template":"","format":"standard","meta":{"tdm_status":"","tdm_grid_status":"","footnotes":""},"categories":[13],"tags":[1205,1488,2454,58],"class_list":{"0":"post-15715","1":"post","2":"type-post","3":"status-publish","4":"format-standard","5":"has-post-thumbnail","7":"category-region","8":"tag-acto-central","9":"tag-campo-de-la-gloria","10":"tag-dia-de-la-bandera","11":"tag-san-lorenzo"},"_links":{"self":[{"href":"https:\/\/www.noticiasmas.com.ar\/index.php\/wp-json\/wp\/v2\/posts\/15715","targetHints":{"allow":["GET"]}}],"collection":[{"href":"https:\/\/www.noticiasmas.com.ar\/index.php\/wp-json\/wp\/v2\/posts"}],"about":[{"href":"https:\/\/www.noticiasmas.com.ar\/index.php\/wp-json\/wp\/v2\/types\/post"}],"author":[{"embeddable":true,"href":"https:\/\/www.noticiasmas.com.ar\/index.php\/wp-json\/wp\/v2\/users\/5"}],"replies":[{"embeddable":true,"href":"https:\/\/www.noticiasmas.com.ar\/index.php\/wp-json\/wp\/v2\/comments?post=15715"}],"version-history":[{"count":1,"href":"https:\/\/www.noticiasmas.com.ar\/index.php\/wp-json\/wp\/v2\/posts\/15715\/revisions"}],"predecessor-version":[{"id":15718,"href":"https:\/\/www.noticiasmas.com.ar\/index.php\/wp-json\/wp\/v2\/posts\/15715\/revisions\/15718"}],"wp:featuredmedia":[{"embeddable":true,"href":"https:\/\/www.noticiasmas.com.ar\/index.php\/wp-json\/wp\/v2\/media\/15717"}],"wp:attachment":[{"href":"https:\/\/www.noticiasmas.com.ar\/index.php\/wp-json\/wp\/v2\/media?parent=15715"}],"wp:term":[{"taxonomy":"category","embeddable":true,"href":"https:\/\/www.noticiasmas.com.ar\/index.php\/wp-json\/wp\/v2\/categories?post=15715"},{"taxonomy":"post_tag","embeddable":true,"href":"https:\/\/www.noticiasmas.com.ar\/index.php\/wp-json\/wp\/v2\/tags?post=15715"}],"curies":[{"name":"wp","href":"https:\/\/api.w.org\/{rel}","templated":true}]}}