{"id":15752,"date":"2025-06-23T08:59:25","date_gmt":"2025-06-23T11:59:25","guid":{"rendered":"https:\/\/www.noticiasmas.com.ar\/?p=15752"},"modified":"2025-06-23T08:59:29","modified_gmt":"2025-06-23T11:59:29","slug":"ola-polar-bajisimas-temperaturas-y-posibilidad-de-agua-nieve-en-la-region","status":"publish","type":"post","link":"https:\/\/www.noticiasmas.com.ar\/index.php\/2025\/06\/23\/ola-polar-bajisimas-temperaturas-y-posibilidad-de-agua-nieve-en-la-region\/","title":{"rendered":"Ola polar: baj\u00edsimas temperaturas y posibilidad de agua nieve en la regi\u00f3n"},"content":{"rendered":"\n<p>El Servicio Meteorol\u00f3gico Nacional anunci\u00f3 la llegada de la primera verdadera ola polar en estos primeros d\u00edas del invierno en la Rep\u00fablica Argentina, y Santa Fe ser\u00e1 una de las provincias protagonistas y receptoras de ese fr\u00edo.<\/p>\n\n\n\n<p>En el Cord\u00f3n Industrial se esperan m\u00ednimas de hasta 1\u00b0C, con sensaciones t\u00e9rmicas de hasta -5\u00b0C como es el caso de este lunes y como se espera para las pr\u00f3ximas 48 horas.<\/p>\n\n\n\n<p>El fr\u00edo se extender\u00e1 por gran parte de la provincia y el norte de Buenos Aires, seg\u00fan indican los pron\u00f3sticos nacionales.<\/p>\n\n\n\n<p>No se esperan jornadas de mucha nubosidad, y las m\u00e1ximas se extender\u00e1n entre los 15\u00b0C y los 16\u00b0C en horas de la tarde.&nbsp;<\/p>\n\n\n\n<p>Para protegerse del fr\u00edo, se recomienda tomar las siguientes precauciones:&nbsp;<\/p>\n\n\n\n<p><strong>Vestimenta adecuada:<\/strong> utilizar ropa t\u00e9rmica, guantes, bufandas y calzado apropiado para bajas temperaturas.<\/p>\n\n\n\n<p><strong>Cuidados en el hogar: <\/strong>proteger ca\u00f1er\u00edas expuestas, sellar aberturas para evitar p\u00e9rdidas de calor y revisar instalaciones el\u00e9ctricas y de gas.<\/p>\n\n\n\n<p><strong>Movilidad:<\/strong> revisar el estado de veh\u00edculos, especialmente bater\u00edas, frenos y neum\u00e1ticos, antes de salir a la ruta.<\/p>\n\n\n\n<p><strong>Producci\u00f3n agropecuaria:<\/strong> proteger cultivos sensibles y asegurar sistemas de riego en caso de bajas temperaturas prolongadas.<\/p>\n","protected":false},"excerpt":{"rendered":"<p>El Servicio Meteorol\u00f3gico Nacional anunci\u00f3 la llegada de la primera verdadera ola polar en estos primeros d\u00edas del invierno en la Rep\u00fablica Argentina, y Santa Fe ser\u00e1 una de las provincias protagonistas y receptoras de ese fr\u00edo. En el Cord\u00f3n Industrial se esperan m\u00ednimas de hasta 1\u00b0C, con sensaciones t\u00e9rmicas de hasta -5\u00b0C como es [&hellip;]<\/p>\n","protected":false},"author":9,"featured_media":15753,"comment_status":"closed","ping_status":"open","sticky":false,"template":"","format":"standard","meta":{"tdm_status":"","tdm_grid_status":"","footnotes":""},"categories":[13],"tags":[324,2553,1061,587,311],"class_list":{"0":"post-15752","1":"post","2":"type-post","3":"status-publish","4":"format-standard","5":"has-post-thumbnail","7":"category-region","8":"tag-argentina","9":"tag-bajas-temperaturas","10":"tag-cordon-industrial","11":"tag-frio","12":"tag-servicio-meteorologico-nacional"},"_links":{"self":[{"href":"https:\/\/www.noticiasmas.com.ar\/index.php\/wp-json\/wp\/v2\/posts\/15752","targetHints":{"allow":["GET"]}}],"collection":[{"href":"https:\/\/www.noticiasmas.com.ar\/index.php\/wp-json\/wp\/v2\/posts"}],"about":[{"href":"https:\/\/www.noticiasmas.com.ar\/index.php\/wp-json\/wp\/v2\/types\/post"}],"author":[{"embeddable":true,"href":"https:\/\/www.noticiasmas.com.ar\/index.php\/wp-json\/wp\/v2\/users\/9"}],"replies":[{"embeddable":true,"href":"https:\/\/www.noticiasmas.com.ar\/index.php\/wp-json\/wp\/v2\/comments?post=15752"}],"version-history":[{"count":1,"href":"https:\/\/www.noticiasmas.com.ar\/index.php\/wp-json\/wp\/v2\/posts\/15752\/revisions"}],"predecessor-version":[{"id":15754,"href":"https:\/\/www.noticiasmas.com.ar\/index.php\/wp-json\/wp\/v2\/posts\/15752\/revisions\/15754"}],"wp:featuredmedia":[{"embeddable":true,"href":"https:\/\/www.noticiasmas.com.ar\/index.php\/wp-json\/wp\/v2\/media\/15753"}],"wp:attachment":[{"href":"https:\/\/www.noticiasmas.com.ar\/index.php\/wp-json\/wp\/v2\/media?parent=15752"}],"wp:term":[{"taxonomy":"category","embeddable":true,"href":"https:\/\/www.noticiasmas.com.ar\/index.php\/wp-json\/wp\/v2\/categories?post=15752"},{"taxonomy":"post_tag","embeddable":true,"href":"https:\/\/www.noticiasmas.com.ar\/index.php\/wp-json\/wp\/v2\/tags?post=15752"}],"curies":[{"name":"wp","href":"https:\/\/api.w.org\/{rel}","templated":true}]}}