{"id":1577,"date":"2023-12-20T14:51:43","date_gmt":"2023-12-20T17:51:43","guid":{"rendered":"https:\/\/www.noticiasmas.com.ar\/?p=1577"},"modified":"2023-12-20T14:51:44","modified_gmt":"2023-12-20T17:51:44","slug":"la-inflacion-de-noviembre-en-santa-fe-llego-al-125-y-es-la-mas-alta-en-36-anos","status":"publish","type":"post","link":"https:\/\/www.noticiasmas.com.ar\/index.php\/2023\/12\/20\/la-inflacion-de-noviembre-en-santa-fe-llego-al-125-y-es-la-mas-alta-en-36-anos\/","title":{"rendered":"La inflaci\u00f3n de noviembre en Santa Fe lleg\u00f3 al 12,5% y es la m\u00e1s alta en 36 a\u00f1os"},"content":{"rendered":"\n<p>El Instituto Provincial de Estad\u00edsticas y Censos (IPEC) dio a conocer el dato de inflaci\u00f3n de la provincia de Santa Fe y el \u00cdndice de Precios al Consumidor (IPC Santa Fe) que arroj\u00f3 un aumento r\u00e9cord del 12,5% durante noviembre y alcanz\u00f3 el nivel de agosto y septiembre que fue el registro m\u00e1s alto desde la creaci\u00f3n de este indicador.<\/p>\n\n\n\n<p>La fuerte aceleraci\u00f3n de los precios se desat\u00f3 luego del salto del d\u00f3lar oficial y el paquete de medidas de shock que aplic\u00f3 el nuevo equipo econ\u00f3mico de Javier Milei. De esta forma, la inflaci\u00f3n acumulada en el territorio provincial durante los primeros once meses de 2023 alcanz\u00f3 el 146,6% y trep\u00f3 al r\u00e9cord de 160,1% en 12 meses, ubic\u00e1ndose apenas por debajo de los n\u00fameros a nivel nacional.<\/p>\n\n\n\n<p>Seg\u00fan el informe del Instituto, el aumento de precios en noviembre estuvo impulsado por los rubros \u201cmedicina y salud\u201d que subi\u00f3 un +14,1%, seguido por \u201ctransporte y comunicaciones\u201d con un +13,6%, y \u201calimentos y bebidas no alcoh\u00f3licas\u201d con 13,5%. Los productos que m\u00e1s aumentaron:<\/p>\n\n\n\n<ul class=\"wp-block-list\">\n<li>Kg de Banana: +25,8%.<\/li>\n\n\n\n<li>Kg. de Cebolla: +30,6%.<\/li>\n\n\n\n<li>Kg. de Tomate redondo: +59,8%.<\/li>\n\n\n\n<li>Gaseosa base Cola: +26,7%.<\/li>\n\n\n\n<li>Fideos secos tipo guisero: +34,6%.<\/li>\n<\/ul>\n","protected":false},"excerpt":{"rendered":"<p>El Instituto Provincial de Estad\u00edsticas y Censos (IPEC) dio a conocer el dato de inflaci\u00f3n de la provincia de Santa Fe y el \u00cdndice de Precios al Consumidor (IPC Santa Fe) que arroj\u00f3 un aumento r\u00e9cord del 12,5% durante noviembre y alcanz\u00f3 el nivel de agosto y septiembre que fue el registro m\u00e1s alto desde [&hellip;]<\/p>\n","protected":false},"author":8,"featured_media":1578,"comment_status":"closed","ping_status":"open","sticky":false,"template":"","format":"standard","meta":{"tdm_status":"","tdm_grid_status":"","footnotes":""},"categories":[2],"tags":[636,637,187,17,635],"class_list":{"0":"post-1577","1":"post","2":"type-post","3":"status-publish","4":"format-standard","5":"has-post-thumbnail","7":"category-economia","8":"tag-636","9":"tag-12-5","10":"tag-inflacion-2","11":"tag-ipec","12":"tag-record"},"_links":{"self":[{"href":"https:\/\/www.noticiasmas.com.ar\/index.php\/wp-json\/wp\/v2\/posts\/1577","targetHints":{"allow":["GET"]}}],"collection":[{"href":"https:\/\/www.noticiasmas.com.ar\/index.php\/wp-json\/wp\/v2\/posts"}],"about":[{"href":"https:\/\/www.noticiasmas.com.ar\/index.php\/wp-json\/wp\/v2\/types\/post"}],"author":[{"embeddable":true,"href":"https:\/\/www.noticiasmas.com.ar\/index.php\/wp-json\/wp\/v2\/users\/8"}],"replies":[{"embeddable":true,"href":"https:\/\/www.noticiasmas.com.ar\/index.php\/wp-json\/wp\/v2\/comments?post=1577"}],"version-history":[{"count":1,"href":"https:\/\/www.noticiasmas.com.ar\/index.php\/wp-json\/wp\/v2\/posts\/1577\/revisions"}],"predecessor-version":[{"id":1579,"href":"https:\/\/www.noticiasmas.com.ar\/index.php\/wp-json\/wp\/v2\/posts\/1577\/revisions\/1579"}],"wp:featuredmedia":[{"embeddable":true,"href":"https:\/\/www.noticiasmas.com.ar\/index.php\/wp-json\/wp\/v2\/media\/1578"}],"wp:attachment":[{"href":"https:\/\/www.noticiasmas.com.ar\/index.php\/wp-json\/wp\/v2\/media?parent=1577"}],"wp:term":[{"taxonomy":"category","embeddable":true,"href":"https:\/\/www.noticiasmas.com.ar\/index.php\/wp-json\/wp\/v2\/categories?post=1577"},{"taxonomy":"post_tag","embeddable":true,"href":"https:\/\/www.noticiasmas.com.ar\/index.php\/wp-json\/wp\/v2\/tags?post=1577"}],"curies":[{"name":"wp","href":"https:\/\/api.w.org\/{rel}","templated":true}]}}