{"id":15770,"date":"2025-06-23T20:22:19","date_gmt":"2025-06-23T23:22:19","guid":{"rendered":"https:\/\/www.noticiasmas.com.ar\/?p=15770"},"modified":"2025-06-23T20:22:23","modified_gmt":"2025-06-23T23:22:23","slug":"san-lorenzo-homenajeo-a-trabajadores-de-la-educacion-con-extensas-trayectorias","status":"publish","type":"post","link":"https:\/\/www.noticiasmas.com.ar\/index.php\/2025\/06\/23\/san-lorenzo-homenajeo-a-trabajadores-de-la-educacion-con-extensas-trayectorias\/","title":{"rendered":"San Lorenzo homenaje\u00f3 a trabajadores de la educaci\u00f3n con extensas trayectorias"},"content":{"rendered":"\n<p>La distinci\u00f3n se entreg\u00f3 a docentes y no docentes con m\u00e1s de 70 a\u00f1os de edad que trabajaron en escuelas secundarias locales. Del encuentro participaron el intendente Leonardo Raimundo y el concejal Gustavo Oggero.<\/p>\n\n\n\n<p>La Municipalidad de San Lorenzo llev\u00f3 a cabo un emotivo acto en reconocimiento a personal docente y no docente, con m\u00e1s de 70 a\u00f1os de edad, que trabaj\u00f3 en escuelas de la ciudad. La ceremonia cont\u00f3 con la participaci\u00f3n del intendente Leonardo Raimundo y del concejal Gustavo Oggero.<\/p>\n\n\n\n<p>El evento se desarroll\u00f3 en el Teatro Municipal Aldo Braga, donde autoridades municipales, familiares y miembros de la comunidad educativa se reunieron para rendir homenaje a quienes dedicaron su vida al servicio de la educaci\u00f3n.<\/p>\n\n\n\n<p>Durante la ceremonia, encabezada por el primer mandatario local, se entregaron distinciones a trabajadores y trabajadoras de escuelas secundarias, formados en San Lorenzo, que superan los 70 a\u00f1os de edad y desempe\u00f1aron funciones tanto docentes como no docentes.<\/p>\n\n\n\n<p>Adem\u00e1s, se entreg\u00f3 una placa conmemorativa a las autoridades de la actual escuela N\u00ba 672 \u201cRemedios de Escalada de San Mart\u00edn\u201d, la primera instituci\u00f3n de ense\u00f1anza media de San Lorenzo.<\/p>\n\n\n\n<p>La jornada tambi\u00e9n incluy\u00f3 un reconocimiento especial a la familia Gauna, por el destacado estado de conservaci\u00f3n de su vivienda hist\u00f3rica, construida en 1920 sobre Sargento Cabral entre bulevar Urquiza y Riccheri.<\/p>\n\n\n\n<p><strong>Trabajadores de la educaci\u00f3n homenajeados<\/strong><\/p>\n\n\n\n<p>Acosta, Graciela Susana; Acosta, Perla Soledad; Aimonetti, Carlos; Arata, Graciela; Arias, Liliana Teresita; Arman, Adelqui; Arroyo, Mar\u00eda Felisa; Arroyo, Mar\u00eda Liliana; Barrozo, Luis Angel; Baustian, Lidia; Bazzano, Dante Horacio; Becchio, Ang\u00e9lica; Bedsedniak, Mario; Belardi, Elda Ana; Beovide, Olga Cristina; Berteto, Mar\u00eda Luisa; Bocchi, Graciela Andrea; Bollero, Mirtha Silvia; Borraza, Nora; Bozzini, Carmen; Brok, Apolo; Bruna, Rodriguez; Camazon, Stella Maris; Carrau, Ana Mar\u00eda; Carreras, Mar\u00eda Elena; Carrerras, Cristina; Carrizo, Rosa Clara; Castafio, Mirian; Cecci, Mar\u00eda Cristina; Cerutti, Irma; Chappo, Eduardo; Chialvo, Amelia Elisa; Ciz, Mirian Sonia; Clerichi, Silvia; Cocenza, Mirian; Colagrossis, Elba Lucia; Collina, Mar\u00eda del Carmen; Colombo, Lorenzo; Copertari, Susana; Copertari, Yolanda; Coppini, Francisco; C\u00f3rdoba, Graciela de Grimi; Corona, Mar\u00eda Rita; Cozzi, Daniel \u00c1ngel; Cozzi, In\u00e9s; Cozzi, Norma; Creiscell, Oscar; Creixel, Graciela; Curioni, Raquel; De Barreras, Catalina; De Dukez, Susana Brussa; Defagot, Rodolfo Pedro; Del Popolo, Ana Mar\u00eda; Delarmelina, Mirta Irene; Dellasiega, Viviana; Dhorman, Ofelia; Di Pierro, Alicia; Diana, Ana Celia; Divisenzo, Stella; Duarte, Luj\u00e1n y Duocastella, Amelia M. Rosa.<\/p>\n\n\n\n<p>Esp\u00edndola, Teresa Clelia; Fabiani, Beatriz Dora; Fassero, Benigna de Niveiro; Favre, Beatriz; Fedele, Luis Dionisio; Feder, Wilmer; Fernandez, Luque Miguel A.; Fernigrini, Alicia; Ferragutti, Mirta; Filipowich, Luis A.; Fiol, Mar\u00eda Eugenia; Fracchioni, Gabriel; Fracchioni, Lidia; Gait\u00e1n, Raquel; Grisol\u00eda, Domingo; Hierro, Marta; Ibarra, Juan Carlos; Improtta, Susana; Jaimes, Stella Maris; Keiner, Emilio; Kerhart, Lidia Esther; Klain, Timoteo Juan; Lasarella de Calzia, Gloria; Laspina, Marta; Lassaga, Guillermo; Lavarini, Rita; Leiva, Ricardo; L\u00e9pore, Alberto; Levron de Gait\u00e1n, Stella; L\u00f3pez, Concepecion; Lozano, Carmen Rita; Lunardi, Marta; Machado, Teresita De Jes\u00fas; Madeo, Marta; Mascherano, Beatriz; Medina, Patricia; Mena, Mar\u00eda del Carmen; Mendoza, Alicia Teresa; Menotti, Nora de Fracchioni; Meroi, Mar\u00eda Ang\u00e9lica; Mi\u00e9rez, Miguel \u00c1ngel; Miguel, Marta; Milicich, Mar\u00eda Rosa; Morello, Graciela Beatriz; Mosi, Liliana Beatriz; Mozzi, Miguel Alberto; Muchiutti, N\u00e9stor; Muntaner, Elba del Carmen; Nadal, Norma Beatriz; Nanzer, \u00c1ngel Omar; Nevoso, Carmen; Nicolorich, Mar\u00eda Victoria y Na\u00f1ez, Nora.<\/p>\n\n\n\n<p>Ojeda, N\u00e9lida Rosa; Olmedo, Raquel; Olmedo, Vilma Beatriz; Omelanchuk, Alba R.; Paccini, Nidia; Pagani, Susana Benitez; Palandri, Osvaldo Antonio; Palena, Ricardo; Palma, Daniel Santiago; Palma, Elena; Parrela, Mar\u00eda Josefa; Penessi, Elena Nidia de Lausman; Perea, Ana Teresa; P\u00e9rez, Julio; Perna, Marta; Piagentini, Miguel Angel; Pierantozi, Imelda Nazarena; Piermattei, Vilma Noemi; Pijini, Delia; Pil\u00f3, Deolindo Ren\u00e9; Poggio, Raul; Prior, Alfonso Enrique; Racitti, Elena; Radice, Juan Carlos; Radice, Mar\u00eda del Carmen; Raimundo, Angela Filomena; Ramos, Mar\u00eda Cristina; Rearte, Oscar Laureano; Rinaldi, Jos\u00e9; Rista, Liliana Teresita de Morin; Rodr\u00edguez, Griselda; Rodr\u00edguez, Jos\u00e9 Alberto; Rodr\u00edguez, Mirta Hebe; Rold\u00e1n, Mar\u00eda Cristina; Rold\u00e1n, Mar\u00eda Susana; Romero, Arturo; Romero, Adolfo Vicente; Rosales, Alicia; Rossi, Carlos Alberto y Rossi, M. Del Carmen.<\/p>\n\n\n\n<p>Sabatini, Oscar H.; Sainato, Mabel; Salis, Noem\u00ed; S\u00e1nchez de Penessi, Cristina; S\u00e1nchez, Casimiro; Sapei, Mar\u00eda Cristina; Sapei, Mar\u00eda Susana; Sartor, Beatriz Josefina; Scampini, Susana; Scheffer, Ismael Rodolfo; Schinner, Marta; Scozzina, Clyde; Scozzina, Maria; Scozzina, Olga; Solsona, Mabel; Tamborini, Josefina (Chungui); Tana, Jos\u00e9 Ram\u00f3n; Taurian, Adela Di Capua; Tellategui, Alejandro; Terzoni, Mar\u00eda Eva; T\u00e9ves, Rub\u00e9n Ram\u00f3n; Tica, Aldo; Tissera, Elda; Toledo, Adriana; Tonella, Mar\u00eda Teresa; Torai, Martha Susana; Trevisan, Edith; Trevis\u00e1n, Mar\u00eda Hayde\u00e9; Trincado, Mar\u00eda Eugenia de Arri; Troinao, Viviana de Cid; Uliassi, Patricia; Vermiglio, Mar\u00eda Teresa; Ver\u00f3n, Lara Jorgelina; Villalta, Noem\u00ed; Virgolini, Eduardo Rub\u00e9n; Volpe, Ricardo Alberto; Yacuzzi, Norma; Zolfo, Alicia; Zolfo, Lidia y Zorzolli, Pablo.<\/p>\n","protected":false},"excerpt":{"rendered":"<p>La distinci\u00f3n se entreg\u00f3 a docentes y no docentes con m\u00e1s de 70 a\u00f1os de edad que trabajaron en escuelas secundarias locales. Del encuentro participaron el intendente Leonardo Raimundo y el concejal Gustavo Oggero. La Municipalidad de San Lorenzo llev\u00f3 a cabo un emotivo acto en reconocimiento a personal docente y no docente, con m\u00e1s [&hellip;]<\/p>\n","protected":false},"author":3,"featured_media":15771,"comment_status":"closed","ping_status":"open","sticky":false,"template":"","format":"standard","meta":{"tdm_status":"","tdm_grid_status":"","footnotes":""},"categories":[13],"tags":[149,2340,58],"class_list":{"0":"post-15770","1":"post","2":"type-post","3":"status-publish","4":"format-standard","5":"has-post-thumbnail","7":"category-region","8":"tag-educacion","9":"tag-reconocimiento","10":"tag-san-lorenzo"},"_links":{"self":[{"href":"https:\/\/www.noticiasmas.com.ar\/index.php\/wp-json\/wp\/v2\/posts\/15770","targetHints":{"allow":["GET"]}}],"collection":[{"href":"https:\/\/www.noticiasmas.com.ar\/index.php\/wp-json\/wp\/v2\/posts"}],"about":[{"href":"https:\/\/www.noticiasmas.com.ar\/index.php\/wp-json\/wp\/v2\/types\/post"}],"author":[{"embeddable":true,"href":"https:\/\/www.noticiasmas.com.ar\/index.php\/wp-json\/wp\/v2\/users\/3"}],"replies":[{"embeddable":true,"href":"https:\/\/www.noticiasmas.com.ar\/index.php\/wp-json\/wp\/v2\/comments?post=15770"}],"version-history":[{"count":1,"href":"https:\/\/www.noticiasmas.com.ar\/index.php\/wp-json\/wp\/v2\/posts\/15770\/revisions"}],"predecessor-version":[{"id":15772,"href":"https:\/\/www.noticiasmas.com.ar\/index.php\/wp-json\/wp\/v2\/posts\/15770\/revisions\/15772"}],"wp:featuredmedia":[{"embeddable":true,"href":"https:\/\/www.noticiasmas.com.ar\/index.php\/wp-json\/wp\/v2\/media\/15771"}],"wp:attachment":[{"href":"https:\/\/www.noticiasmas.com.ar\/index.php\/wp-json\/wp\/v2\/media?parent=15770"}],"wp:term":[{"taxonomy":"category","embeddable":true,"href":"https:\/\/www.noticiasmas.com.ar\/index.php\/wp-json\/wp\/v2\/categories?post=15770"},{"taxonomy":"post_tag","embeddable":true,"href":"https:\/\/www.noticiasmas.com.ar\/index.php\/wp-json\/wp\/v2\/tags?post=15770"}],"curies":[{"name":"wp","href":"https:\/\/api.w.org\/{rel}","templated":true}]}}