{"id":15928,"date":"2025-06-30T20:13:44","date_gmt":"2025-06-30T23:13:44","guid":{"rendered":"https:\/\/www.noticiasmas.com.ar\/?p=15928"},"modified":"2025-06-30T20:13:48","modified_gmt":"2025-06-30T23:13:48","slug":"nodocentes-de-la-unr-apuestan-por-fortalecer-la-unidad-de-los-sectores-danados-por-las-politicas-nacionales-hacia-el-sector","status":"publish","type":"post","link":"https:\/\/www.noticiasmas.com.ar\/index.php\/2025\/06\/30\/nodocentes-de-la-unr-apuestan-por-fortalecer-la-unidad-de-los-sectores-danados-por-las-politicas-nacionales-hacia-el-sector\/","title":{"rendered":"NODOCENTES DE LA UNR APUESTAN POR FORTALECER LA UNIDAD DE LOS SECTORES DA\u00d1ADOS POR LAS POL\u00cdTICAS NACIONALES HACIA EL SECTOR"},"content":{"rendered":"\n<p>Desde el gremio de Trabajadores Nodocentes de la UNR (APUR) apuestan por fortalecer la unidad de todos los sectores universitarios ante la situaci\u00f3n de crisis que se vive en el sector con bolsillos flacos de trabajadores, desfinanciamiento de las universidades y estudiantes que cada vez se le hace mas dif\u00edcil poder cursar.<\/p>\n\n\n\n<p>El gobierno de Javier Milei desde su asunci\u00f3n se ha enfocado por da\u00f1ar, en cuanto pueda, a la educaci\u00f3n p\u00fablica y con puntual \u00e9nfasis al nivel universitario.<\/p>\n\n\n\n<p>Unas de las respuestas de los sectores golpeados por dicha pol\u00edtica nacional se dio el jueves 26 de junio con una Marcha Federal Universitaria que se hizo presente en las ciudades mas importantes del pa\u00eds. Ah\u00ed marcharon rectores de universidades, docentes, no docentes, estudiantes y ciudadanos de a pie que se solidarizan con la comunidad universitaria y defienden la universidad p\u00fablica y gratuita.<\/p>\n\n\n\n<p>En ese marco, el Secretario General de APUR, Miguel Rold\u00e1n, destac\u00f3 \u201cla unidad\u201d de todos los sectores universitarios. \u201cDebemos fortalecer la unidad docentes, estudiantes, nodocentes y personal de gesti\u00f3n en el reclamo contundente: para garantizar el financiamiento de nuestras universidades nacionales\u201d, dijo.<\/p>\n\n\n\n<p>.<\/p>\n\n\n\n<p>Desde APUR \u201cseguimos defendiendo con firmeza el salario y los derechos de las trabajadoras y los trabajadores nodocentes, siempre en la t\u00f3nica de nuestra matriz fundacional que es el pluralismo sin sectarismo ni exclusiones, y reclamando la urgente sanci\u00f3n de una Ley de Financiamiento Universitario\u201d, complet\u00f3 Roldan.<\/p>\n","protected":false},"excerpt":{"rendered":"<p>Desde el gremio de Trabajadores Nodocentes de la UNR (APUR) apuestan por fortalecer la unidad de todos los sectores universitarios ante la situaci\u00f3n de crisis que se vive en el sector con bolsillos flacos de trabajadores, desfinanciamiento de las universidades y estudiantes que cada vez se le hace mas dif\u00edcil poder cursar. El gobierno de [&hellip;]<\/p>\n","protected":false},"author":5,"featured_media":15929,"comment_status":"closed","ping_status":"open","sticky":false,"template":"","format":"standard","meta":{"tdm_status":"","tdm_grid_status":"","footnotes":""},"categories":[13],"tags":[2682,4795,1835,163,546],"class_list":{"0":"post-15928","1":"post","2":"type-post","3":"status-publish","4":"format-standard","5":"has-post-thumbnail","7":"category-region","8":"tag-apur","9":"tag-crisis-del-sector","10":"tag-nodocentes","11":"tag-rosario","12":"tag-unr"},"_links":{"self":[{"href":"https:\/\/www.noticiasmas.com.ar\/index.php\/wp-json\/wp\/v2\/posts\/15928","targetHints":{"allow":["GET"]}}],"collection":[{"href":"https:\/\/www.noticiasmas.com.ar\/index.php\/wp-json\/wp\/v2\/posts"}],"about":[{"href":"https:\/\/www.noticiasmas.com.ar\/index.php\/wp-json\/wp\/v2\/types\/post"}],"author":[{"embeddable":true,"href":"https:\/\/www.noticiasmas.com.ar\/index.php\/wp-json\/wp\/v2\/users\/5"}],"replies":[{"embeddable":true,"href":"https:\/\/www.noticiasmas.com.ar\/index.php\/wp-json\/wp\/v2\/comments?post=15928"}],"version-history":[{"count":1,"href":"https:\/\/www.noticiasmas.com.ar\/index.php\/wp-json\/wp\/v2\/posts\/15928\/revisions"}],"predecessor-version":[{"id":15930,"href":"https:\/\/www.noticiasmas.com.ar\/index.php\/wp-json\/wp\/v2\/posts\/15928\/revisions\/15930"}],"wp:featuredmedia":[{"embeddable":true,"href":"https:\/\/www.noticiasmas.com.ar\/index.php\/wp-json\/wp\/v2\/media\/15929"}],"wp:attachment":[{"href":"https:\/\/www.noticiasmas.com.ar\/index.php\/wp-json\/wp\/v2\/media?parent=15928"}],"wp:term":[{"taxonomy":"category","embeddable":true,"href":"https:\/\/www.noticiasmas.com.ar\/index.php\/wp-json\/wp\/v2\/categories?post=15928"},{"taxonomy":"post_tag","embeddable":true,"href":"https:\/\/www.noticiasmas.com.ar\/index.php\/wp-json\/wp\/v2\/tags?post=15928"}],"curies":[{"name":"wp","href":"https:\/\/api.w.org\/{rel}","templated":true}]}}