{"id":15937,"date":"2025-07-01T08:56:27","date_gmt":"2025-07-01T11:56:27","guid":{"rendered":"https:\/\/www.noticiasmas.com.ar\/?p=15937"},"modified":"2025-07-01T08:56:30","modified_gmt":"2025-07-01T11:56:30","slug":"frio-intenso-en-la-region-minima-de-7-grados-y-expectativas-de-mejora-para-las-proximas-horas","status":"publish","type":"post","link":"https:\/\/www.noticiasmas.com.ar\/index.php\/2025\/07\/01\/frio-intenso-en-la-region-minima-de-7-grados-y-expectativas-de-mejora-para-las-proximas-horas\/","title":{"rendered":"Fr\u00edo intenso en la regi\u00f3n: m\u00ednima de -7 grados y expectativas de mejora para las pr\u00f3ximas horas"},"content":{"rendered":"\n<p>El fr\u00edo lleg\u00f3 a su punto m\u00e1s intenso en este martes 1 de julio. La temperatura m\u00ednima en San Lorenzo y la regi\u00f3n alcanz\u00f3 los -7\u00b0C en una ma\u00f1ana donde el sol atenu\u00f3 el clima invernal que experimenta esta parte de la provincia de Santa Fe.<\/p>\n\n\n\n<p>Con anterioridad, los servicios meteorol\u00f3gicos hab\u00edan anunciado que en el comienzo de esta semana las temperaturas ser\u00edan sumamente fr\u00edas. Y lejos han estado de equivocarse.<\/p>\n\n\n\n<p>Las fr\u00edas temperaturas de este martes se ir\u00e1n levemente \u201cnormalizando\u201d con el correr de la semana y las m\u00ednimas se ubicar\u00e1n en torno a los 0 y 1 grados.<\/p>\n\n\n\n<p>A su vez, ya entrados en el fin de semana, la temperatura m\u00e1xima podr\u00eda llegar a 17\u00b0C.<\/p>\n","protected":false},"excerpt":{"rendered":"<p>El fr\u00edo lleg\u00f3 a su punto m\u00e1s intenso en este martes 1 de julio. La temperatura m\u00ednima en San Lorenzo y la regi\u00f3n alcanz\u00f3 los -7\u00b0C en una ma\u00f1ana donde el sol atenu\u00f3 el clima invernal que experimenta esta parte de la provincia de Santa Fe. Con anterioridad, los servicios meteorol\u00f3gicos hab\u00edan anunciado que en [&hellip;]<\/p>\n","protected":false},"author":9,"featured_media":15938,"comment_status":"closed","ping_status":"open","sticky":false,"template":"","format":"standard","meta":{"tdm_status":"","tdm_grid_status":"","footnotes":""},"categories":[13],"tags":[138,587,311,715],"class_list":{"0":"post-15937","1":"post","2":"type-post","3":"status-publish","4":"format-standard","5":"has-post-thumbnail","7":"category-region","8":"tag-clima","9":"tag-frio","10":"tag-servicio-meteorologico-nacional","11":"tag-temperatura"},"_links":{"self":[{"href":"https:\/\/www.noticiasmas.com.ar\/index.php\/wp-json\/wp\/v2\/posts\/15937","targetHints":{"allow":["GET"]}}],"collection":[{"href":"https:\/\/www.noticiasmas.com.ar\/index.php\/wp-json\/wp\/v2\/posts"}],"about":[{"href":"https:\/\/www.noticiasmas.com.ar\/index.php\/wp-json\/wp\/v2\/types\/post"}],"author":[{"embeddable":true,"href":"https:\/\/www.noticiasmas.com.ar\/index.php\/wp-json\/wp\/v2\/users\/9"}],"replies":[{"embeddable":true,"href":"https:\/\/www.noticiasmas.com.ar\/index.php\/wp-json\/wp\/v2\/comments?post=15937"}],"version-history":[{"count":1,"href":"https:\/\/www.noticiasmas.com.ar\/index.php\/wp-json\/wp\/v2\/posts\/15937\/revisions"}],"predecessor-version":[{"id":15939,"href":"https:\/\/www.noticiasmas.com.ar\/index.php\/wp-json\/wp\/v2\/posts\/15937\/revisions\/15939"}],"wp:featuredmedia":[{"embeddable":true,"href":"https:\/\/www.noticiasmas.com.ar\/index.php\/wp-json\/wp\/v2\/media\/15938"}],"wp:attachment":[{"href":"https:\/\/www.noticiasmas.com.ar\/index.php\/wp-json\/wp\/v2\/media?parent=15937"}],"wp:term":[{"taxonomy":"category","embeddable":true,"href":"https:\/\/www.noticiasmas.com.ar\/index.php\/wp-json\/wp\/v2\/categories?post=15937"},{"taxonomy":"post_tag","embeddable":true,"href":"https:\/\/www.noticiasmas.com.ar\/index.php\/wp-json\/wp\/v2\/tags?post=15937"}],"curies":[{"name":"wp","href":"https:\/\/api.w.org\/{rel}","templated":true}]}}