{"id":15940,"date":"2025-07-01T09:40:40","date_gmt":"2025-07-01T12:40:40","guid":{"rendered":"https:\/\/www.noticiasmas.com.ar\/?p=15940"},"modified":"2025-07-01T09:40:44","modified_gmt":"2025-07-01T12:40:44","slug":"la-agroexportacion-crecio-un-21-en-el-mes-de-junio-con-respecto-a-mayo-de-este-2025","status":"publish","type":"post","link":"https:\/\/www.noticiasmas.com.ar\/index.php\/2025\/07\/01\/la-agroexportacion-crecio-un-21-en-el-mes-de-junio-con-respecto-a-mayo-de-este-2025\/","title":{"rendered":"La agroexportaci\u00f3n creci\u00f3 un 21% en el mes de junio con respecto a mayo de este 2025"},"content":{"rendered":"\n<p>El sector agroexportador ingres\u00f3 al pa\u00eds, durante el \u00faltimo mes de junio, 3.706 millones de d\u00f3lares, siendo as\u00ed una cifra un 21% mayor a lo que fue el mes de mayo de de 2025.<\/p>\n\n\n\n<p>Desde la C\u00e1mara de la Industria Aceitera y de la Rep\u00fablica Argentina sostuvieron que la cifra representa un n\u00famero 87% mayor en relaci\u00f3n al mismo mes del a\u00f1o 2024, y que el acumulado anual comparado al primer semestre de 2024 tiene un incremento del 40%.<\/p>\n\n\n\n<p>\u201cEl ingreso de divisas del mes de junio es el resultado de la finalizaci\u00f3n de la reducci\u00f3n de derechos de exportaci\u00f3n bajo el Decreto 38\/25 que vencieron el d\u00eda 30 de junio y \u00fanicamente fueron renovados para trigo y cebada\u201d, aseguraron desde CIARA.&nbsp;<\/p>\n\n\n\n<p>Entre los productos que mayor comercializaci\u00f3n internacional tuvieron a lo largo de este mes de junio se encuentran la harina de soja, y las aceites de soja y ma\u00edz.&nbsp;<\/p>\n\n\n\n<p>\u201cLa liquidaci\u00f3n de divisas est\u00e1 fuertemente influida por el ciclo comercial de los granos, que depende de diversos y cambiantes factores ex\u00f3genos como oscilaciones internacionales de precios, retracci\u00f3n de la oferta, distinto volumen y valor proteico de las cosechas, condiciones clim\u00e1ticas, feriados, medidas de fuerza sindicales, modificaciones regulatorias, barreras arancelarias y para arancelarias del exterior, exigencias fitosanitarias o de calidad de otros pa\u00edses, etc\u00e9tera\u201d, agregaron.<\/p>\n","protected":false},"excerpt":{"rendered":"<p>El sector agroexportador ingres\u00f3 al pa\u00eds, durante el \u00faltimo mes de junio, 3.706 millones de d\u00f3lares, siendo as\u00ed una cifra un 21% mayor a lo que fue el mes de mayo de de 2025. Desde la C\u00e1mara de la Industria Aceitera y de la Rep\u00fablica Argentina sostuvieron que la cifra representa un n\u00famero 87% mayor [&hellip;]<\/p>\n","protected":false},"author":9,"featured_media":11326,"comment_status":"closed","ping_status":"open","sticky":false,"template":"","format":"standard","meta":{"tdm_status":"","tdm_grid_status":"","footnotes":""},"categories":[2],"tags":[4797,876,218],"class_list":{"0":"post-15940","1":"post","2":"type-post","3":"status-publish","4":"format-standard","5":"has-post-thumbnail","7":"category-economia","8":"tag-camara-industria-aceitera","9":"tag-exportacion","10":"tag-nacionales"},"_links":{"self":[{"href":"https:\/\/www.noticiasmas.com.ar\/index.php\/wp-json\/wp\/v2\/posts\/15940","targetHints":{"allow":["GET"]}}],"collection":[{"href":"https:\/\/www.noticiasmas.com.ar\/index.php\/wp-json\/wp\/v2\/posts"}],"about":[{"href":"https:\/\/www.noticiasmas.com.ar\/index.php\/wp-json\/wp\/v2\/types\/post"}],"author":[{"embeddable":true,"href":"https:\/\/www.noticiasmas.com.ar\/index.php\/wp-json\/wp\/v2\/users\/9"}],"replies":[{"embeddable":true,"href":"https:\/\/www.noticiasmas.com.ar\/index.php\/wp-json\/wp\/v2\/comments?post=15940"}],"version-history":[{"count":1,"href":"https:\/\/www.noticiasmas.com.ar\/index.php\/wp-json\/wp\/v2\/posts\/15940\/revisions"}],"predecessor-version":[{"id":15941,"href":"https:\/\/www.noticiasmas.com.ar\/index.php\/wp-json\/wp\/v2\/posts\/15940\/revisions\/15941"}],"wp:featuredmedia":[{"embeddable":true,"href":"https:\/\/www.noticiasmas.com.ar\/index.php\/wp-json\/wp\/v2\/media\/11326"}],"wp:attachment":[{"href":"https:\/\/www.noticiasmas.com.ar\/index.php\/wp-json\/wp\/v2\/media?parent=15940"}],"wp:term":[{"taxonomy":"category","embeddable":true,"href":"https:\/\/www.noticiasmas.com.ar\/index.php\/wp-json\/wp\/v2\/categories?post=15940"},{"taxonomy":"post_tag","embeddable":true,"href":"https:\/\/www.noticiasmas.com.ar\/index.php\/wp-json\/wp\/v2\/tags?post=15940"}],"curies":[{"name":"wp","href":"https:\/\/api.w.org\/{rel}","templated":true}]}}