{"id":15971,"date":"2025-07-05T17:08:46","date_gmt":"2025-07-05T20:08:46","guid":{"rendered":"https:\/\/www.noticiasmas.com.ar\/?p=15971"},"modified":"2025-07-05T17:08:49","modified_gmt":"2025-07-05T20:08:49","slug":"nuevo-ingreso-a-la-ciudad-en-zona-oeste-con-extension-de-bulevar-america-y-rotonda","status":"publish","type":"post","link":"https:\/\/www.noticiasmas.com.ar\/index.php\/2025\/07\/05\/nuevo-ingreso-a-la-ciudad-en-zona-oeste-con-extension-de-bulevar-america-y-rotonda\/","title":{"rendered":"Nuevo ingreso a la ciudad en zona oeste, con extensi\u00f3n de Bulevar Am\u00e9rica y rotonda"},"content":{"rendered":"\n<p>La Municipalidad de Puerto General San Mart\u00edn construir\u00e1 una nueva rotonda de ingreso a la ciudad, con d\u00e1rsenas y la ampliaci\u00f3n de unos 325 metros de Bulevar en calle Am\u00e9rica, en el tramo comprendido entre la colectora de la Autopista Rosario \u2013 Santa Fe y la intersecci\u00f3n con el FFCC, en una longitud aproximada de 1.500 mts.<\/p>\n\n\n\n<p>La Municipalidad de Puerto General San Mart\u00edn construir\u00e1 una nueva rotonda de ingreso a la ciudad, con d\u00e1rsenas y la ampliaci\u00f3n de unos 325 metros de Bulevar en calle Am\u00e9rica, en el tramo comprendido entre la colectora de la Autopista Rosario \u2013 Santa Fe y la intersecci\u00f3n con el FFCC, en una longitud aproximada de 1.500 mts.&nbsp;<\/p>\n\n\n\n<p>Las obras de mejoramiento de este tramo del bulevar Am\u00e9rica son fundamentales para acompa\u00f1ar el constante crecimiento y desarrollo de la ciudad, en el marco de un plan integral de infraestructura urbana impulsado por la gesti\u00f3n del Intendente De Grandis que apunta a mejorar la conectividad y la seguridad vial.<\/p>\n\n\n\n<p>Entre las especificaciones de la obra, se incluyen la duplicaci\u00f3n de la calzada, la generaci\u00f3n de giros m\u00e1s seguros, el aprovechamiento de la calzada existente, la incorporaci\u00f3n de bici sendas, y el reacondicionamiento de los actuales desag\u00fces.<\/p>\n\n\n<div class=\"wp-block-image\">\n<figure class=\"aligncenter is-resized\"><img decoding=\"async\" src=\"https:\/\/lalupamedios.com.ar\/download\/multimedia.normal.acd102ee27ed7939.bm9ybWFsLndlYnA%3D.webp\" alt=\"WhatsApp Image 2025-07-03 at 13.34.34\" style=\"width:704px;height:auto\"\/><\/figure>\n<\/div>\n\n\n<p>Para este tramo, tambi\u00e9n se prev\u00e9 la construcci\u00f3n de dos bicisendas en el futuro cantero central, ya que es un medio de transporte muy utilizado en la ciudad. &nbsp;Esta incorporaci\u00f3n pretende mejorar las condiciones de los ciclistas.&nbsp;<\/p>\n\n\n\n<p>La puesta en valor del bulevar Am\u00e9rica, en el sector oeste, contempl\u00f3 distintas etapas, la obra de duplicaci\u00f3n de calzada en el tramo comprendido entre Calle Los Alamos y Timb\u00f3 (intersecci\u00f3n con v\u00edas del ferrocarril), en una longitud aproximada de 800 mts, qued\u00f3 inaugurada en agosto de 2022.<\/p>\n\n\n\n<p>Ya en 2023, el Intendente concret\u00f3 la segunda etapa de la ampliaci\u00f3n de Am\u00e9rica, entre calle El \u00c1lamo hasta calle Los Naranjos.&nbsp;<\/p>\n\n\n\n<p>Esta nueva etapa demanda una millonaria inversi\u00f3n de recursos propios, que son derogados para beneficio de los ciudadanos otorgando mejor y m\u00e1s segura transitabilidad.<\/p>\n","protected":false},"excerpt":{"rendered":"<p>La Municipalidad de Puerto General San Mart\u00edn construir\u00e1 una nueva rotonda de ingreso a la ciudad, con d\u00e1rsenas y la ampliaci\u00f3n de unos 325 metros de Bulevar en calle Am\u00e9rica, en el tramo comprendido entre la colectora de la Autopista Rosario \u2013 Santa Fe y la intersecci\u00f3n con el FFCC, en una longitud aproximada de [&hellip;]<\/p>\n","protected":false},"author":3,"featured_media":15972,"comment_status":"closed","ping_status":"open","sticky":false,"template":"","format":"standard","meta":{"tdm_status":"","tdm_grid_status":"","footnotes":""},"categories":[13],"tags":[1630,1170,176,1654],"class_list":{"0":"post-15971","1":"post","2":"type-post","3":"status-publish","4":"format-standard","5":"has-post-thumbnail","7":"category-region","8":"tag-accesos","9":"tag-ciudad","10":"tag-obras","11":"tag-puerto-gral-san-martin"},"_links":{"self":[{"href":"https:\/\/www.noticiasmas.com.ar\/index.php\/wp-json\/wp\/v2\/posts\/15971","targetHints":{"allow":["GET"]}}],"collection":[{"href":"https:\/\/www.noticiasmas.com.ar\/index.php\/wp-json\/wp\/v2\/posts"}],"about":[{"href":"https:\/\/www.noticiasmas.com.ar\/index.php\/wp-json\/wp\/v2\/types\/post"}],"author":[{"embeddable":true,"href":"https:\/\/www.noticiasmas.com.ar\/index.php\/wp-json\/wp\/v2\/users\/3"}],"replies":[{"embeddable":true,"href":"https:\/\/www.noticiasmas.com.ar\/index.php\/wp-json\/wp\/v2\/comments?post=15971"}],"version-history":[{"count":1,"href":"https:\/\/www.noticiasmas.com.ar\/index.php\/wp-json\/wp\/v2\/posts\/15971\/revisions"}],"predecessor-version":[{"id":15973,"href":"https:\/\/www.noticiasmas.com.ar\/index.php\/wp-json\/wp\/v2\/posts\/15971\/revisions\/15973"}],"wp:featuredmedia":[{"embeddable":true,"href":"https:\/\/www.noticiasmas.com.ar\/index.php\/wp-json\/wp\/v2\/media\/15972"}],"wp:attachment":[{"href":"https:\/\/www.noticiasmas.com.ar\/index.php\/wp-json\/wp\/v2\/media?parent=15971"}],"wp:term":[{"taxonomy":"category","embeddable":true,"href":"https:\/\/www.noticiasmas.com.ar\/index.php\/wp-json\/wp\/v2\/categories?post=15971"},{"taxonomy":"post_tag","embeddable":true,"href":"https:\/\/www.noticiasmas.com.ar\/index.php\/wp-json\/wp\/v2\/tags?post=15971"}],"curies":[{"name":"wp","href":"https:\/\/api.w.org\/{rel}","templated":true}]}}