{"id":16024,"date":"2025-07-08T11:32:21","date_gmt":"2025-07-08T14:32:21","guid":{"rendered":"https:\/\/www.noticiasmas.com.ar\/?p=16024"},"modified":"2025-07-08T11:32:24","modified_gmt":"2025-07-08T14:32:24","slug":"oficial-alejo-veliz-es-de-central-se-suma-al-arribo-de-di-maria-y-podria-estar-ante-godoy-cruz","status":"publish","type":"post","link":"https:\/\/www.noticiasmas.com.ar\/index.php\/2025\/07\/08\/oficial-alejo-veliz-es-de-central-se-suma-al-arribo-de-di-maria-y-podria-estar-ante-godoy-cruz\/","title":{"rendered":"Oficial: Alejo Veliz es de Central, se suma al arribo de Di Mar\u00eda y podr\u00eda estar ante Godoy Cruz"},"content":{"rendered":"\n<p>Tal como adelant\u00f3 Ovaci\u00f3n, el club confirm\u00f3 al delantero como el segundo refuerzo Canalla tras el acuerdo con Tottenham. Llega a pr\u00e9stamo y ser\u00eda presentado entre jueves y viernes.<\/p>\n\n\n\n<p><strong><a href=\"https:\/\/www.lacapital.com.ar\/ovacion\/alejo-veliz-vuelve-rosario-y-sera-anunciado-como-el-nuevo-refuerzo-central-n10205837.html\" target=\"_blank\" rel=\"noreferrer noopener\">Alejo Veliz<\/a>&nbsp;regresa a Central.<\/strong>&nbsp;El delantero, que hace unos dos a\u00f1os hab\u00eda emigrado de Arroyito a Tottenham (Inglaterra) en una transferencia millonaria, vuelve a jugar en el Canalla. El club ingl\u00e9s lo cede a pr\u00e9stamo, en una operaci\u00f3n de la que todav\u00eda se desconocen los detalles y las cifras. La noticia, adelantada por&nbsp;<strong>Ovaci\u00f3n<\/strong>&nbsp;y esperada con ansiedad en el mundo Canalla, fue confirmada en las redes oficiales de la entidad Auriazul. Veliz se transform\u00f3 as\u00ed en el segundo refuerzo de este mercado de pases para el plantel que comanda Ariel Holan. El otro, nada menos que \u00c1ngel Di Mar\u00eda.<\/p>\n\n\n\n<p>Alejo Veliz, que desde el s\u00e1bado participaba de la pretemporada de Tottenham en suelo ingl\u00e9s, arribar\u00e1 en las pr\u00f3ximas horas a Rosario y r\u00e1pidamente se sumar\u00e1 a los trabajos con el plantel profesional Auriazul.&nbsp;<strong>El jugador podr\u00eda ser presentado oficialmente como refuerzo entre jueves y viernes.<\/strong>&nbsp;Y, pese a la proximidad de la fecha del debut de Central en el Clausura, el s\u00e1bado 12 ante Godoy Cruz, en Arroyito, hasta cabe la posibilidad de que Alejo pueda estar a disposici\u00f3n de Holan para participar de ese compromiso.<\/p>\n\n\n\n<p><strong>La b\u00fasqueda del centrodelantero para reforzar el plantel de Central siempre estuvo enfocada en la posibilidad de repatriar a Veliz.<\/strong>\u00a0Y desde un primer momento se sab\u00eda que el objetivo era muy dif\u00edcil de alcanzar, en especial por el dinero que hab\u00eda desembolsado el club ingl\u00e9s hace dos a\u00f1os para adquirir el pase de Alejo, unos 17 millones de d\u00f3lares m\u00e1s bonos.<\/p>\n\n\n\n<h2 class=\"wp-block-heading\">Seducci\u00f3n a Tottenham<\/h2>\n\n\n\n<p>Por eso, sabiendo que las tratativas no ser\u00edan sencillas, hace algunas semanas los auriazules decidieron enviar a Inglaterra a un emisario de la comisi\u00f3n directiva para charlar mano a mano con mandatarios de Tottenham. Esa gesti\u00f3n personal pudo llevarse a cabo por la excelente relaci\u00f3n que qued\u00f3 entre las partes, especialmente con el presidente del club ingl\u00e9s, Daniel Levy, tras la venta de Veliz a Tottenham.<\/p>\n\n\n\n<p>Despu\u00e9s de aquel encuentro, Central qued\u00f3 a la espera de la respuesta de parte de los ingleses, que reci\u00e9n lleg\u00f3 hace unas horas. Seg\u00fan cuentan,\u00a0<strong>lo m\u00e1s complejo de las negociaciones no pas\u00f3 por lo econ\u00f3mico.<\/strong>\u00a0Convencer a los ingleses de que Veliz ten\u00eda m\u00e1s chances de revalorizarse en Central que en cualquier otro club fue lo m\u00e1s dif\u00edcil de lograr. Pero se consigui\u00f3.<\/p>\n\n\n\n<p>El hermetismo con el que se manejaron las negociaciones, la paciencia, el manejo de los tiempos considerando la falta de concordancia de fechas de cierre de los distintos mercados (NdR.: el argentino el 10 de julio y el ingl\u00e9s el 29 de agosto) y la insistencia de los dirigentes del club de Arroyito en buscar distintas opciones para que Tottenham termine cediendo al jugador fueron sin duda factor clave para que la negociaci\u00f3n acabe en buen puerto.<\/p>\n\n\n\n<h2 class=\"wp-block-heading\">Alejo Veliz tambi\u00e9n hizo fuerza<\/h2>\n\n\n\n<p><strong>Para entender este final feliz de la historia hay que apuntar tambi\u00e9n la actitud de Veliz,<\/strong>&nbsp;que en estos a\u00f1os, pese a la distancia, se mantuvo siempre en contacto con los dirigentes Auriazules. Ahora, y desde un primer momento, Alejo hizo p\u00fablico su deseo de volver a Central. As\u00ed, el delantero apareci\u00f3 en algunos entrenamientos y partidos de ensayo en Arroyo Seco. Y hasta ocup\u00f3 un palco en el estadio \u00danico de San Nicol\u00e1s hace unos diez d\u00edas, desde donde presenci\u00f3 el encuentro que Central disput\u00f3 por Copa Argentina ante Uni\u00f3n. Esta fue, de alguna manera, la forma que encontr\u00f3 Veliz para respaldar las tratativas dirigenciales por repatriarlo.<\/p>\n\n\n\n<p>Ahora,<strong>&nbsp;la directiva auriazul trabaja por concretar la llegada de un jugador m\u00e1s, un tercer refuerzo.&nbsp;<\/strong>Se tratar\u00eda de un defensor zurdo y se barajan un par de opciones. Las negociaciones deber\u00edan concluir antes de la medianoche del jueves, momento en que cierra esta ventana de pases en el f\u00fatbol argentino. Aunque no hay que descartar que desde la AFA extiendan el plazo por una semana m\u00e1s, algo que viene sucediendo en casi todos los \u00faltimos mercados.<\/p>\n\n\n\n<p>Fuente: Ovaci\u00f3n &#8211; Diario La Capital<\/p>\n","protected":false},"excerpt":{"rendered":"<p>Tal como adelant\u00f3 Ovaci\u00f3n, el club confirm\u00f3 al delantero como el segundo refuerzo Canalla tras el acuerdo con Tottenham. Llega a pr\u00e9stamo y ser\u00eda presentado entre jueves y viernes. Alejo Veliz&nbsp;regresa a Central.&nbsp;El delantero, que hace unos dos a\u00f1os hab\u00eda emigrado de Arroyito a Tottenham (Inglaterra) en una transferencia millonaria, vuelve a jugar en el [&hellip;]<\/p>\n","protected":false},"author":5,"featured_media":16025,"comment_status":"closed","ping_status":"open","sticky":false,"template":"","format":"standard","meta":{"tdm_status":"","tdm_grid_status":"","footnotes":""},"categories":[10],"tags":[4818,324,4819,95],"class_list":{"0":"post-16024","1":"post","2":"type-post","3":"status-publish","4":"format-standard","5":"has-post-thumbnail","7":"category-deportes","8":"tag-alejo-veliz","9":"tag-argentina","10":"tag-incorporacion","11":"tag-rosario-central"},"_links":{"self":[{"href":"https:\/\/www.noticiasmas.com.ar\/index.php\/wp-json\/wp\/v2\/posts\/16024","targetHints":{"allow":["GET"]}}],"collection":[{"href":"https:\/\/www.noticiasmas.com.ar\/index.php\/wp-json\/wp\/v2\/posts"}],"about":[{"href":"https:\/\/www.noticiasmas.com.ar\/index.php\/wp-json\/wp\/v2\/types\/post"}],"author":[{"embeddable":true,"href":"https:\/\/www.noticiasmas.com.ar\/index.php\/wp-json\/wp\/v2\/users\/5"}],"replies":[{"embeddable":true,"href":"https:\/\/www.noticiasmas.com.ar\/index.php\/wp-json\/wp\/v2\/comments?post=16024"}],"version-history":[{"count":1,"href":"https:\/\/www.noticiasmas.com.ar\/index.php\/wp-json\/wp\/v2\/posts\/16024\/revisions"}],"predecessor-version":[{"id":16026,"href":"https:\/\/www.noticiasmas.com.ar\/index.php\/wp-json\/wp\/v2\/posts\/16024\/revisions\/16026"}],"wp:featuredmedia":[{"embeddable":true,"href":"https:\/\/www.noticiasmas.com.ar\/index.php\/wp-json\/wp\/v2\/media\/16025"}],"wp:attachment":[{"href":"https:\/\/www.noticiasmas.com.ar\/index.php\/wp-json\/wp\/v2\/media?parent=16024"}],"wp:term":[{"taxonomy":"category","embeddable":true,"href":"https:\/\/www.noticiasmas.com.ar\/index.php\/wp-json\/wp\/v2\/categories?post=16024"},{"taxonomy":"post_tag","embeddable":true,"href":"https:\/\/www.noticiasmas.com.ar\/index.php\/wp-json\/wp\/v2\/tags?post=16024"}],"curies":[{"name":"wp","href":"https:\/\/api.w.org\/{rel}","templated":true}]}}