{"id":16051,"date":"2025-07-09T21:51:53","date_gmt":"2025-07-10T00:51:53","guid":{"rendered":"https:\/\/www.noticiasmas.com.ar\/?p=16051"},"modified":"2025-07-09T21:51:57","modified_gmt":"2025-07-10T00:51:57","slug":"alejo-veliz-volvio-a-rosario-central-estoy-ansioso-por-ver-a-di-maria","status":"publish","type":"post","link":"https:\/\/www.noticiasmas.com.ar\/index.php\/2025\/07\/09\/alejo-veliz-volvio-a-rosario-central-estoy-ansioso-por-ver-a-di-maria\/","title":{"rendered":"Alejo V\u00e9liz volvi\u00f3 a Rosario Central: \u201cEstoy ansioso por ver a Di Mar\u00eda\u201d"},"content":{"rendered":"\n<p><strong>El delantero firmar\u00e1 su regreso al Canalla tras su paso por Europa. Estar\u00e1 a pr\u00e9stamo por un a\u00f1o y se mostr\u00f3 ilusionado con pelear el campeonato.<\/strong><\/p>\n\n\n\n<p>Alejo V\u00e9liz ya est\u00e1 en Rosario para cerrar su regreso a <strong>Rosario Central<\/strong>, el club donde debut\u00f3 como profesional y al que vuelve tras su experiencia en Europa. En di\u00e1logo con ESPN apenas arrib\u00f3 al pa\u00eds, el delantero expres\u00f3 su entusiasmo por este nuevo cap\u00edtulo en su carrera y confes\u00f3: <strong>\u201cEstoy ansioso por ver a Di Mar\u00eda\u201d<\/strong>, con quien compartir\u00e1 equipo.<\/p>\n\n\n\n<p><strong>\u201cEstoy muy contento, se dio lo que quer\u00edamos desde un principio. Agradezco al club por el esfuerzo que hizo\u201d, declar\u00f3 V\u00e9liz al llegar al aeropuerto.<\/strong><\/p>\n\n\n\n<p>El futbolista de 20 a\u00f1os llega <strong>a pr\u00e9stamo por un a\u00f1o<\/strong> tras su paso por el <strong>Tottenham Hotspur<\/strong> de Inglaterra y los clubes espa\u00f1oles <strong>Sevilla y Espanyol<\/strong>, donde jug\u00f3 durante las \u00faltimas dos temporadas. \u201cDe todo se saca algo positivo y se aprende. Estoy madurando y aprendiendo de a poco\u201d, reflexion\u00f3 sobre su experiencia en el exterior.<\/p>\n\n\n\n<p>V\u00e9liz tambi\u00e9n habl\u00f3 sobre la figura de <strong>\u00c1ngel Di Mar\u00eda<\/strong>, flamante refuerzo canalla y s\u00edmbolo del club: <strong>\u201cSiempre nos mandamos mensajes. Estoy ansioso por verlo. Vi su conferencia de prensa y para todos los hinchas de Central y de la Argentina es un orgullo tenerlo en nuestro f\u00fatbol\u201d.<\/strong><\/p>\n","protected":false},"excerpt":{"rendered":"<p>El delantero firmar\u00e1 su regreso al Canalla tras su paso por Europa. Estar\u00e1 a pr\u00e9stamo por un a\u00f1o y se mostr\u00f3 ilusionado con pelear el campeonato. Alejo V\u00e9liz ya est\u00e1 en Rosario para cerrar su regreso a Rosario Central, el club donde debut\u00f3 como profesional y al que vuelve tras su experiencia en Europa. En [&hellip;]<\/p>\n","protected":false},"author":3,"featured_media":16052,"comment_status":"closed","ping_status":"open","sticky":false,"template":"","format":"standard","meta":{"tdm_status":"","tdm_grid_status":"","footnotes":""},"categories":[10],"tags":[46,95,4827],"class_list":{"0":"post-16051","1":"post","2":"type-post","3":"status-publish","4":"format-standard","5":"has-post-thumbnail","7":"category-deportes","8":"tag-futbol","9":"tag-rosario-central","10":"tag-veliz"},"_links":{"self":[{"href":"https:\/\/www.noticiasmas.com.ar\/index.php\/wp-json\/wp\/v2\/posts\/16051","targetHints":{"allow":["GET"]}}],"collection":[{"href":"https:\/\/www.noticiasmas.com.ar\/index.php\/wp-json\/wp\/v2\/posts"}],"about":[{"href":"https:\/\/www.noticiasmas.com.ar\/index.php\/wp-json\/wp\/v2\/types\/post"}],"author":[{"embeddable":true,"href":"https:\/\/www.noticiasmas.com.ar\/index.php\/wp-json\/wp\/v2\/users\/3"}],"replies":[{"embeddable":true,"href":"https:\/\/www.noticiasmas.com.ar\/index.php\/wp-json\/wp\/v2\/comments?post=16051"}],"version-history":[{"count":1,"href":"https:\/\/www.noticiasmas.com.ar\/index.php\/wp-json\/wp\/v2\/posts\/16051\/revisions"}],"predecessor-version":[{"id":16053,"href":"https:\/\/www.noticiasmas.com.ar\/index.php\/wp-json\/wp\/v2\/posts\/16051\/revisions\/16053"}],"wp:featuredmedia":[{"embeddable":true,"href":"https:\/\/www.noticiasmas.com.ar\/index.php\/wp-json\/wp\/v2\/media\/16052"}],"wp:attachment":[{"href":"https:\/\/www.noticiasmas.com.ar\/index.php\/wp-json\/wp\/v2\/media?parent=16051"}],"wp:term":[{"taxonomy":"category","embeddable":true,"href":"https:\/\/www.noticiasmas.com.ar\/index.php\/wp-json\/wp\/v2\/categories?post=16051"},{"taxonomy":"post_tag","embeddable":true,"href":"https:\/\/www.noticiasmas.com.ar\/index.php\/wp-json\/wp\/v2\/tags?post=16051"}],"curies":[{"name":"wp","href":"https:\/\/api.w.org\/{rel}","templated":true}]}}